{"id":125918,"date":"2021-08-09T14:42:37","date_gmt":"2021-08-09T10:42:37","guid":{"rendered":""},"modified":"-0001-11-30T00:00:00","modified_gmt":"-0001-11-29T20:00:00","slug":"","status":"publish","type":"post","link":"https:\/\/ucnoqta.az\/?p=125918","title":{"rendered":"\u201c\u0130slam M\u0259h\u0259rr\u0259m ay\u0131 boyunca \u00f6z\u00fcn\u00fc d\u00f6ym\u0259kdirs\u0259, m\u0259n \u2026\u201d \u2013 <font color=red><b>\u0130lahiyyat\u00e7\u0131 M\u0259h\u0259rr\u0259mlik ayinl\u0259rin\u0259 qar\u015f\u0131<\/b><\/font>"},"content":{"rendered":"<p><strong>&ldquo;\u018fg\u0259r \u0130slam M\u0259h\u0259rr\u0259m ay\u0131 boyunca &ouml;z&uuml;n&uuml; d&ouml;ym\u0259kdirs\u0259, m\u0259n bu dind\u0259 deyil\u0259m&rdquo;.<\/strong><br \/>\nBunu ilahiyyat&ccedil;\u0131 El\u015fad Miri deyib. O, M\u0259h\u0259rr\u0259m ay\u0131n\u0131n \u0259r\u0259bl\u0259r\u0259 xas oldu\u011funu v\u0259 f\u0259rqlilik da\u015f\u0131mad\u0131\u011f\u0131n\u0131 deyib:<br \/>\n&ldquo;Bizd\u0259 yanvar ay\u0131, y\u0259ni xristianlar\u0131n milad ay\u0131 ba\u015flayanda xristianlar kils\u0259y\u0259 gedib ayboyu m\u0259razim d&uuml;z\u0259nl\u0259yir? Pey\u011f\u0259mb\u0259r &ouml;z&uuml; M\u0259h\u0259rr\u0259m ay\u0131 gir\u0259nd\u0259 n\u0259 edib? &Ouml;z&uuml;n&uuml; m\u0259scid\u0259 qapamay\u0131b, orada m\u0259rsiyy\u0259y\u0259 v\u0259 s. qulaq asmay\u0131b. Bu g&uuml;n h\u0259qiq\u0259t\u0259n pey\u011f\u0259mb\u0259rin n\u0259v\u0259si &uuml;&ccedil;&uuml;n yas tuturuqsa, o zaman pey\u011f\u0259mb\u0259r niy\u0259 &ouml;z&uuml;nd\u0259n \u0259vv\u0259l hans\u0131sa pey\u011f\u0259mb\u0259r\u0259, ya &ouml;vlad\u0131lar\u0131n\u0131n v\u0259fat etdiyi aylarda davaml\u0131 olaraq onlara yas tutmay\u0131b? \u018flb\u0259tt\u0259 bu kimi hallar olmay\u0131b. \u0130st\u0259r M\u0259h\u0259rr\u0259m, ist\u0259rs\u0259 d\u0259 S\u0259f\u0259r, Ramazan aylar\u0131 \u0259r\u0259bl\u0259rin t\u0259qvimin\u0259 g&ouml;r\u0259dir. Niy\u0259 biz bu aylar\u0131 m&uuml;q\u0259dd\u0259sl\u0259\u015fdiririk?&rdquo;.<\/p>\n<p>\u0130lahiyyat&ccedil;\u0131 m\u0259scidd\u0259 ibad\u0259t etm\u0259yin n&uuml;mayi\u015f xarakterli oldu\u011funu da qeyd edib:<br \/>\n&ldquo;Nec\u0259 ki, M\u0259h\u0259rr\u0259mlikd\u0259 m\u0259scid\u0259 gedirik, el\u0259c\u0259 d\u0259 b&uuml;t&uuml;n dig\u0259r aylarda m\u0259scid\u0259 getm\u0259k olar. Bir ay\u0131 m&uuml;q\u0259dd\u0259sl\u0259\u015fdirm\u0259k n\u0259y\u0259 laz\u0131md\u0131r? \u0130bad\u0259td\u0259 \u0259sas odur ki, bu \u0259m\u0259l &uuml;r\u0259kd\u0259n g\u0259lsin, h\u0259qiqi olsun. Yoxsa, m\u0259scid\u0259 gedib, ibad\u0259t edib &ouml;z&uuml;n&uuml; orada ba\u015fqalar\u0131na n&uuml;mayi\u015f etdirm\u0259k n\u0259y\u0259 g\u0259r\u0259kdir? Dindarl\u0131\u011f\u0131 Allaha, insanl\u0131\u011f\u0131 insana g&ouml;st\u0259rm\u0259k laz\u0131md\u0131r&rdquo;.<\/p>\n<p>Qeyd ed\u0259k ki, Az\u0259rbaycanda M\u0259h\u0259rr\u0259m ay\u0131 avqustun 10-u ba\u015flayacaq.\/\/\/Sfera.az<\/p>\n","protected":false},"excerpt":{"rendered":"<p>&ldquo;\u018fg\u0259r \u0130slam M\u0259h\u0259rr\u0259m ay\u0131 boyunca &ouml;z&uuml;n&uuml; d&ouml;ym\u0259kdirs\u0259, m\u0259n bu dind\u0259 deyil\u0259m&rdquo;. Bunu ilahiyyat&ccedil;\u0131 El\u015fad Miri deyib. O, M\u0259h\u0259rr\u0259m ay\u0131n\u0131n \u0259r\u0259bl\u0259r\u0259 xas oldu\u011funu v\u0259 f\u0259rqlilik da\u015f\u0131mad\u0131\u011f\u0131n\u0131 deyib: &ldquo;Bizd\u0259 yanvar ay\u0131, y\u0259ni&hellip;<\/p>\n","protected":false},"author":1,"featured_media":251278,"comment_status":"open","ping_status":"open","sticky":false,"template":"","format":"standard","meta":{"_lmt_disableupdate":"","_lmt_disable":"","footnotes":""},"categories":[101],"tags":[],"class_list":["post-125918","post","type-post","status-publish","format-standard","has-post-thumbnail","hentry","category-cemiyyet"],"_links":{"self":[{"href":"https:\/\/ucnoqta.az\/index.php?rest_route=\/wp\/v2\/posts\/125918","targetHints":{"allow":["GET"]}}],"collection":[{"href":"https:\/\/ucnoqta.az\/index.php?rest_route=\/wp\/v2\/posts"}],"about":[{"href":"https:\/\/ucnoqta.az\/index.php?rest_route=\/wp\/v2\/types\/post"}],"author":[{"embeddable":true,"href":"https:\/\/ucnoqta.az\/index.php?rest_route=\/wp\/v2\/users\/1"}],"replies":[{"embeddable":true,"href":"https:\/\/ucnoqta.az\/index.php?rest_route=%2Fwp%2Fv2%2Fcomments&post=125918"}],"version-history":[{"count":0,"href":"https:\/\/ucnoqta.az\/index.php?rest_route=\/wp\/v2\/posts\/125918\/revisions"}],"wp:featuredmedia":[{"embeddable":true,"href":"https:\/\/ucnoqta.az\/index.php?rest_route=\/wp\/v2\/media\/251278"}],"wp:attachment":[{"href":"https:\/\/ucnoqta.az\/index.php?rest_route=%2Fwp%2Fv2%2Fmedia&parent=125918"}],"wp:term":[{"taxonomy":"category","embeddable":true,"href":"https:\/\/ucnoqta.az\/index.php?rest_route=%2Fwp%2Fv2%2Fcategories&post=125918"},{"taxonomy":"post_tag","embeddable":true,"href":"https:\/\/ucnoqta.az\/index.php?rest_route=%2Fwp%2Fv2%2Ftags&post=125918"}],"curies":[{"name":"wp","href":"https:\/\/api.w.org\/{rel}","templated":true}]}}