{"id":125917,"date":"2021-08-09T14:36:01","date_gmt":"2021-08-09T10:36:01","guid":{"rendered":""},"modified":"-0001-11-30T00:00:00","modified_gmt":"-0001-11-29T20:00:00","slug":"","status":"publish","type":"post","link":"https:\/\/ucnoqta.az\/?p=125917","title":{"rendered":"R\u00f6v\u015f\u0259n \u018fkb\u0259rov m\u0259n\u0259 dedi ki, El\u00e7ini \u00f6ld\u00fcr\u00fcb&#8230; &#8211; <font color=red><b>Nazim \u0130brahimov<\/b><\/font>"},"content":{"rendered":"<p><strong>20 il \u0259vv\u0259l Ukraynada az\u0259rbaycanl\u0131 i\u015f adam\u0131n\u0131 &ouml;ld&uuml;rm\u0259kd\u0259 ittiham olunan Az\u0259rbaycan\u0131n Milli Q\u0259hr\u0259man\u0131, general-leytenant R&ouml;v\u015f\u0259n \u018fkb\u0259rov Bak\u0131 H\u0259rbi M\u0259hk\u0259m\u0259sind\u0259 hakim &ouml;n&uuml;n\u0259 &ccedil;\u0131xar\u0131l\u0131b v\u0259 haz\u0131rda onun i\u015fi &uuml;zr\u0259 m\u0259hk\u0259m\u0259 prosesi gedir.<\/strong><\/p>\n<p>Ucnoqta.az&nbsp;Virtualaz.org-a istinad\u0259n x\u0259b\u0259r verir ki, general ona qar\u015f\u0131 ir\u0259li s&uuml;r&uuml;l\u0259n ittihamlarla raz\u0131la\u015fmay\u0131b, &ouml;z&uuml;n&uuml; t\u0259qsirli bilm\u0259yib, m\u0259hk\u0259m\u0259d\u0259 ifad\u0259 verm\u0259kd\u0259n imtina edib, ona qar\u015f\u0131 ir\u0259li s&uuml;r&uuml;l\u0259n ittiham\u0131 &ldquo;film ssenarisi&rdquo; adland\u0131r\u0131b. El\u0259 istintaq d&ouml;vr&uuml;nd\u0259 d\u0259 susma\u011fa &uuml;st&uuml;nl&uuml;k verib.<\/p>\n<p>Cinay\u0259t i\u015fi &uuml;zr\u0259 istintaq zaman\u0131 \u015fahid qismind\u0259 dindiril\u0259n \u015f\u0259xsl\u0259rd\u0259n biri d\u0259 Diasporla \u0130\u015f &uuml;zr\u0259 D&ouml;vl\u0259t Komit\u0259sinin sabiq r\u0259hb\u0259ri Nazim \u0130brahimovdur. \u0130\u015f &uuml;zr\u0259 h\u0259l\u0259 2003-c&uuml; ild\u0259 dindiril\u0259n N.\u0130brahimov ifad\u0259sind\u0259 E.\u018fliyevin kim t\u0259r\u0259find\u0259n b\u0131&ccedil;aqlanmas\u0131 bar\u0259d\u0259 m\u0259lumat\u0131 olmad\u0131\u011f\u0131n\u0131 deyib. Lakin sonradan istintaqa verdiyi ifad\u0259sind\u0259 i\u015f adam\u0131, m\u0259rhum El&ccedil;in \u018fliyevi 1994-c&uuml; ild\u0259n tan\u0131d\u0131\u011f\u0131n\u0131, h\u0259min vaxtlar &ouml;z&uuml; d\u0259 Kiyevd\u0259 sahibkarl\u0131qla m\u0259\u015f\u011ful oldu\u011funu g&ouml;st\u0259rib. Bildirib ki, El&ccedil;in \u018fliyevl\u0259 m&uuml;nasib\u0259tl\u0259ri yax\u015f\u0131 olub, ail\u0259vi dostluq edibl\u0259r.<\/p>\n<p>N.\u0130brahimov ifad\u0259sind\u0259 g&ouml;st\u0259rib ki, 1997-ci ild\u0259 Ukraynaya s\u0259fir v\u0259zif\u0259sin\u0259 t\u0259yin edil\u0259nd\u0259n sonra E.\u018fliyev h\u0259m yax\u0131n dostu, h\u0259m d\u0259 az\u0259rbaycanl\u0131 kimi s\u0259firliyin texniki t\u0259minat\u0131nda i\u015ftirak edib, h\u0259tta &ouml;z&uuml;n\u0259 m\u0259xsus &ldquo;Ford Mustang&rdquo; markal\u0131 avtomobilini d\u0259 m&uuml;v\u0259qq\u0259ti s\u0259firliyin istifad\u0259sin\u0259 verib. S\u0259firliyin t\u0259minatla ba\u011fl\u0131 olan probleml\u0259ri q\u0131sa m&uuml;dd\u0259t \u0259rzind\u0259 h\u0259ll olunduqdan sonra El&ccedil;inin avtomobili &ouml;z&uuml;n\u0259 geri qaytar\u0131l\u0131b. Bununla yana\u015f\u0131 Kiyev \u015f\u0259h\u0259ri, Qlubo&ccedil;iskaya k&uuml;&ccedil;\u0259si 24 &uuml;nvan\u0131nda yerl\u0259\u015f\u0259n, N.\u0130brahimov v\u0259 E.\u018fliyevin ofis kimi icar\u0259y\u0259 g&ouml;t&uuml;rd&uuml;kl\u0259ri ikim\u0259rt\u0259b\u0259li bina s\u0259firlik t\u0259r\u0259find\u0259n r\u0259smi qaydada Ukrayna d&ouml;vl\u0259tind\u0259n al\u0131n\u0131b. 2000-ci ilin avqust ay\u0131nda Milli M\u0259clis\u0259 ke&ccedil;iril\u0259n se&ccedil;kil\u0259ril\u0259 ba\u011fl\u0131 Bak\u0131ya qay\u0131d\u0131b v\u0259 1 iyun 2001-ci il\u0259d\u0259k Kiyev \u015f\u0259h\u0259rin\u0259 getm\u0259yib.<\/p>\n<p>N.\u0130brahimovun ifad\u0259sin\u0259 g&ouml;r\u0259, R.\u018fkb\u0259rovla \u015f\u0259xsi tan\u0131\u015fl\u0131\u011f\u0131 olmay\u0131b, onu yaln\u0131z Az\u0259rbaycan\u0131n Milli Q\u0259hr\u0259man\u0131 v\u0259 M&uuml;dafi\u0259 Nazirliyinin general\u0131 kimi qiyabi olaraq m\u0259tbuatdan tan\u0131y\u0131b.<\/p>\n<p>Dostu E.\u018fliyevin &ouml;ld&uuml;r&uuml;ld&uuml;y&uuml;n&uuml; ona m\u0259rhumun biznes orta\u011f\u0131 S\u0259m\u0259d Novruzov z\u0259ng vurub deyib. T\u0259yyar\u0259y\u0259 bilet al\u0131b birlikd\u0259 Kiyev\u0259 yola d&uuml;\u015f&uuml;bl\u0259r, birba\u015fa morqa gedibl\u0259r. Ekspert h\u0259kim onlara El&ccedil;inin &uuml;r\u0259yind\u0259n b\u0131&ccedil;aqland\u0131\u011f\u0131n\u0131 s&ouml;yl\u0259yib: &ldquo;Oradan &ccedil;\u0131x\u0131b milis idar\u0259sin\u0259 getdik. El&ccedil;inl\u0259 \u0259laq\u0259si olan \u015f\u0259xsl\u0259ri dindirirdil\u0259r. S\u0259firliyin komendant\u0131 Q&uuml;dr\u0259t \u018fhm\u0259dov R&ouml;v\u015f\u0259n \u018fkb\u0259rovun m\u0259niml\u0259 g&ouml;r&uuml;\u015fm\u0259k ist\u0259diyini dedi. M\u0259n d\u0259 raz\u0131la\u015fd\u0131m. H\u0259min vaxt &ldquo;Dnepr&rdquo; otelind\u0259 qal\u0131rd\u0131m. R&ouml;v\u015f\u0259n \u018fkb\u0259rov qald\u0131\u011f\u0131m otelin foyesin\u0259 g\u0259ldi&rdquo;.<\/p>\n<p>\u015eahidin ifad\u0259sin\u0259 g&ouml;r\u0259, dostunun general t\u0259r\u0259find\u0259n q\u0259tl\u0259 yetirildiyini R.\u018fkb\u0259rovun \u015f\u0259xs\u0259n &ouml;z&uuml;nd\u0259n e\u015fidib. H\u0259tta t\u0259k &ouml;z&uuml; deyil, onlar\u0131n yan\u0131nda olan Q.\u018fhm\u0259dov da bu deyil\u0259nl\u0259ri e\u015fidib. \u0130fad\u0259sind\u0259 R.\u018fkb\u0259rovla t\u0259klikd\u0259 g&ouml;r&uuml;\u015fm\u0259diyini, Q.\u018fhm\u0259dovun da onlar\u0131n yan\u0131nda oldu\u011funu bildirib. R.\u018fkb\u0259rov g&ouml;r&uuml;\u015f zaman\u0131 N.\u0130brahimova hadis\u0259 ba\u015f ver\u0259n gec\u0259 s\u0259firlikd\u0259 ke&ccedil;irilmi\u015f qonaql\u0131qdan sonra ad\u0131n\u0131 xat\u0131rlamad\u0131\u011f\u0131 bir n\u0259f\u0259rl\u0259 &ldquo;Sikora&rdquo; kafesin\u0259 getdiyini, El&ccedil;in \u018fliyevl\u0259 v\u0259 M\u0259zahir \u015e\u0131xaliyevl\u0259 bir stolda oturduqlar\u0131n\u0131, aralar\u0131nda hans\u0131sa kobud r\u0259ftara g&ouml;r\u0259 m&uuml;bahis\u0259 yarand\u0131\u011f\u0131n\u0131, M\u0259zahiri yumruqla, El&ccedil;ini is\u0259 b\u0131&ccedil;aqla vurdu\u011funu dan\u0131\u015f\u0131b.<\/p>\n<p>Xat\u0131rladaq ki, ordu korpusunun komandan\u0131 olmu\u015f 56 yas\u0327l\u0131 R.\u018fkb\u0259rov 2002-ci ild\u0259n general-leytenant r&uuml;tb\u0259si da\u015f\u0131y\u0131r. 2020-ci ild\u0259 v\u0259zif\u0259sind\u0259n azad olunaraq ehtiyata burax\u0131l\u0131b. 1995-cu\u0308 ilin oktyabr\u0131nda prezidentin s\u0259r\u0259ncam\u0131 il\u0259 ona Milli Q\u0259hr\u0259man ad\u0131 verilib.<\/p>\n","protected":false},"excerpt":{"rendered":"<p>20 il \u0259vv\u0259l Ukraynada az\u0259rbaycanl\u0131 i\u015f adam\u0131n\u0131 &ouml;ld&uuml;rm\u0259kd\u0259 ittiham olunan Az\u0259rbaycan\u0131n Milli Q\u0259hr\u0259man\u0131, general-leytenant R&ouml;v\u015f\u0259n \u018fkb\u0259rov Bak\u0131 H\u0259rbi M\u0259hk\u0259m\u0259sind\u0259 hakim &ouml;n&uuml;n\u0259 &ccedil;\u0131xar\u0131l\u0131b v\u0259 haz\u0131rda onun i\u015fi &uuml;zr\u0259 m\u0259hk\u0259m\u0259 prosesi gedir.&hellip;<\/p>\n","protected":false},"author":1,"featured_media":251278,"comment_status":"open","ping_status":"open","sticky":false,"template":"","format":"standard","meta":{"_lmt_disableupdate":"","_lmt_disable":"","footnotes":""},"categories":[],"tags":[],"class_list":["post-125917","post","type-post","status-publish","format-standard","has-post-thumbnail","hentry"],"_links":{"self":[{"href":"https:\/\/ucnoqta.az\/index.php?rest_route=\/wp\/v2\/posts\/125917","targetHints":{"allow":["GET"]}}],"collection":[{"href":"https:\/\/ucnoqta.az\/index.php?rest_route=\/wp\/v2\/posts"}],"about":[{"href":"https:\/\/ucnoqta.az\/index.php?rest_route=\/wp\/v2\/types\/post"}],"author":[{"embeddable":true,"href":"https:\/\/ucnoqta.az\/index.php?rest_route=\/wp\/v2\/users\/1"}],"replies":[{"embeddable":true,"href":"https:\/\/ucnoqta.az\/index.php?rest_route=%2Fwp%2Fv2%2Fcomments&post=125917"}],"version-history":[{"count":0,"href":"https:\/\/ucnoqta.az\/index.php?rest_route=\/wp\/v2\/posts\/125917\/revisions"}],"wp:featuredmedia":[{"embeddable":true,"href":"https:\/\/ucnoqta.az\/index.php?rest_route=\/wp\/v2\/media\/251278"}],"wp:attachment":[{"href":"https:\/\/ucnoqta.az\/index.php?rest_route=%2Fwp%2Fv2%2Fmedia&parent=125917"}],"wp:term":[{"taxonomy":"category","embeddable":true,"href":"https:\/\/ucnoqta.az\/index.php?rest_route=%2Fwp%2Fv2%2Fcategories&post=125917"},{"taxonomy":"post_tag","embeddable":true,"href":"https:\/\/ucnoqta.az\/index.php?rest_route=%2Fwp%2Fv2%2Ftags&post=125917"}],"curies":[{"name":"wp","href":"https:\/\/api.w.org\/{rel}","templated":true}]}}