{"id":122821,"date":"2021-07-02T00:16:10","date_gmt":"2021-07-01T20:16:10","guid":{"rendered":""},"modified":"-0001-11-30T00:00:00","modified_gmt":"-0001-11-29T20:00:00","slug":"","status":"publish","type":"post","link":"https:\/\/ucnoqta.az\/?p=122821","title":{"rendered":"\u00c7exiya v\u0259 Danimarka millil\u0259ri Bak\u0131ya g\u0259ldi &#8211; <font color=red><b>FOTO<\/b><\/font>"},"content":{"rendered":"<p><strong>&Ccedil;exiya millisi futbol &uuml;zr\u0259 Avropa &ccedil;empionat\u0131n\u0131n 1\/4 final m\u0259rh\u0259l\u0259sind\u0259 Danimarkaya qar\u015f\u0131 ke&ccedil;ir\u0259c\u0259kl\u0259ri oyun &uuml;&ccedil;&uuml;n Bak\u0131ya yola d&uuml;\u015f&uuml;b.<\/strong><\/p>\n<p>Ucnoqta.az &quot;Report&quot;a istinad\u0259n x\u0259b\u0259r verir ki, y\u0131\u011fman\u0131 g\u0259tir\u0259n t\u0259yyar\u0259 ax\u015fam saatlar\u0131nda Heyd\u0259r \u018fliyev Beyn\u0259lxalq Aeroportuna enib. Yaroslav \u015eilqav\u0131n\u0131n ba\u015f m\u0259\u015fq&ccedil;i oldu\u011fu komanda &quot;Hilton&quot; otelind\u0259 qalacaq. N&ouml;vb\u0259ti g&uuml;n y\u0131\u011fman\u0131n Bak\u0131 Olimpiya Stadionunda m\u0259\u015fqi n\u0259z\u0259rd\u0259 tutulub.<\/p>\n<p>Qeyd ed\u0259k ki, Danimarka millisi d\u0259 art\u0131q Bak\u0131dad\u0131r. Y\u0131\u011fman\u0131 g\u0259tir\u0259n t\u0259yyar\u0259 ax\u015fam saatlar\u0131nda Heyd\u0259r \u018fliyev Beyn\u0259lxalq Aeroportuna enib.<br \/>\nKasper H&uuml;lmand\u0131n ba\u015f m\u0259\u015fq&ccedil;i oldu\u011fu komanda &quot;Hyatt&quot; otelind\u0259 qalacaq. Sabah y\u0131\u011fman\u0131n Bak\u0131 Olimpiya Stadionunda m\u0259\u015fqi n\u0259z\u0259rd\u0259 tutulub.<\/p>\n<p>\u0130yulun 3-d\u0259 ke&ccedil;iril\u0259c\u0259k &Ccedil;exiya &#8211; Danimarka oyunu saat 20:00-da ba\u015flayacaq.<\/p>\n","protected":false},"excerpt":{"rendered":"<p>&Ccedil;exiya millisi futbol &uuml;zr\u0259 Avropa &ccedil;empionat\u0131n\u0131n 1\/4 final m\u0259rh\u0259l\u0259sind\u0259 Danimarkaya qar\u015f\u0131 ke&ccedil;ir\u0259c\u0259kl\u0259ri oyun &uuml;&ccedil;&uuml;n Bak\u0131ya yola d&uuml;\u015f&uuml;b. Ucnoqta.az &quot;Report&quot;a istinad\u0259n x\u0259b\u0259r verir ki, y\u0131\u011fman\u0131 g\u0259tir\u0259n t\u0259yyar\u0259 ax\u015fam saatlar\u0131nda Heyd\u0259r \u018fliyev&hellip;<\/p>\n","protected":false},"author":1,"featured_media":251278,"comment_status":"open","ping_status":"open","sticky":false,"template":"","format":"standard","meta":{"_lmt_disableupdate":"","_lmt_disable":"","footnotes":""},"categories":[90],"tags":[],"class_list":["post-122821","post","type-post","status-publish","format-standard","has-post-thumbnail","hentry","category-idman-butun-xeberler"],"_links":{"self":[{"href":"https:\/\/ucnoqta.az\/index.php?rest_route=\/wp\/v2\/posts\/122821","targetHints":{"allow":["GET"]}}],"collection":[{"href":"https:\/\/ucnoqta.az\/index.php?rest_route=\/wp\/v2\/posts"}],"about":[{"href":"https:\/\/ucnoqta.az\/index.php?rest_route=\/wp\/v2\/types\/post"}],"author":[{"embeddable":true,"href":"https:\/\/ucnoqta.az\/index.php?rest_route=\/wp\/v2\/users\/1"}],"replies":[{"embeddable":true,"href":"https:\/\/ucnoqta.az\/index.php?rest_route=%2Fwp%2Fv2%2Fcomments&post=122821"}],"version-history":[{"count":0,"href":"https:\/\/ucnoqta.az\/index.php?rest_route=\/wp\/v2\/posts\/122821\/revisions"}],"wp:featuredmedia":[{"embeddable":true,"href":"https:\/\/ucnoqta.az\/index.php?rest_route=\/wp\/v2\/media\/251278"}],"wp:attachment":[{"href":"https:\/\/ucnoqta.az\/index.php?rest_route=%2Fwp%2Fv2%2Fmedia&parent=122821"}],"wp:term":[{"taxonomy":"category","embeddable":true,"href":"https:\/\/ucnoqta.az\/index.php?rest_route=%2Fwp%2Fv2%2Fcategories&post=122821"},{"taxonomy":"post_tag","embeddable":true,"href":"https:\/\/ucnoqta.az\/index.php?rest_route=%2Fwp%2Fv2%2Ftags&post=122821"}],"curies":[{"name":"wp","href":"https:\/\/api.w.org\/{rel}","templated":true}]}}