{"id":122820,"date":"2021-07-02T00:10:27","date_gmt":"2021-07-01T20:10:27","guid":{"rendered":""},"modified":"-0001-11-30T00:00:00","modified_gmt":"-0001-11-29T20:00:00","slug":"","status":"publish","type":"post","link":"https:\/\/ucnoqta.az\/?p=122820","title":{"rendered":"<font color=red><b>Feysbukdan \u015eOK:<\/b><\/font> Terror\u00e7ular\u0131n s\u0259hif\u0259si t\u0259sdiql\u0259ndi"},"content":{"rendered":"<p><strong>Feysbuk sosial \u015f\u0259b\u0259k\u0259si PKK\/YPG terror qrupla\u015fmas\u0131n\u0131n s\u0259hif\u0259sini t\u0259sdiql\u0259yib.<\/strong><\/p>\n<p>Feysbuk admininstrasiyas\u0131 s&ouml;z&uuml;ged\u0259n s\u0259hif\u0259ni mavi ni\u015fanla qeyd edib.<br \/>\nS\u0259hif\u0259nin 580 min\u0259 yax\u0131n izl\u0259yicisi var.<\/p>\n<p>Qeyd ed\u0259k ki, 2015-ci ild\u0259 d\u0259 Feysbukda terror&ccedil;ular\u0131n s\u0259hif\u0259si t\u0259sdiql\u0259ns\u0259 d\u0259, T&uuml;rkiy\u0259nin m&uuml;vafiq qurumlar\u0131n\u0131n etirazlar\u0131ndan sonra bu ni\u015fan l\u0259\u011fv edilmi\u015fdi.\/\/\/axar.az<\/p>\n","protected":false},"excerpt":{"rendered":"<p>Feysbuk sosial \u015f\u0259b\u0259k\u0259si PKK\/YPG terror qrupla\u015fmas\u0131n\u0131n s\u0259hif\u0259sini t\u0259sdiql\u0259yib. Feysbuk admininstrasiyas\u0131 s&ouml;z&uuml;ged\u0259n s\u0259hif\u0259ni mavi ni\u015fanla qeyd edib. S\u0259hif\u0259nin 580 min\u0259 yax\u0131n izl\u0259yicisi var. Qeyd ed\u0259k ki, 2015-ci ild\u0259 d\u0259 Feysbukda terror&ccedil;ular\u0131n&hellip;<\/p>\n","protected":false},"author":1,"featured_media":251278,"comment_status":"open","ping_status":"open","sticky":false,"template":"","format":"standard","meta":{"_lmt_disableupdate":"","_lmt_disable":"","footnotes":""},"categories":[89],"tags":[],"class_list":["post-122820","post","type-post","status-publish","format-standard","has-post-thumbnail","hentry","category-dunya-butun-xeberler"],"_links":{"self":[{"href":"https:\/\/ucnoqta.az\/index.php?rest_route=\/wp\/v2\/posts\/122820","targetHints":{"allow":["GET"]}}],"collection":[{"href":"https:\/\/ucnoqta.az\/index.php?rest_route=\/wp\/v2\/posts"}],"about":[{"href":"https:\/\/ucnoqta.az\/index.php?rest_route=\/wp\/v2\/types\/post"}],"author":[{"embeddable":true,"href":"https:\/\/ucnoqta.az\/index.php?rest_route=\/wp\/v2\/users\/1"}],"replies":[{"embeddable":true,"href":"https:\/\/ucnoqta.az\/index.php?rest_route=%2Fwp%2Fv2%2Fcomments&post=122820"}],"version-history":[{"count":0,"href":"https:\/\/ucnoqta.az\/index.php?rest_route=\/wp\/v2\/posts\/122820\/revisions"}],"wp:featuredmedia":[{"embeddable":true,"href":"https:\/\/ucnoqta.az\/index.php?rest_route=\/wp\/v2\/media\/251278"}],"wp:attachment":[{"href":"https:\/\/ucnoqta.az\/index.php?rest_route=%2Fwp%2Fv2%2Fmedia&parent=122820"}],"wp:term":[{"taxonomy":"category","embeddable":true,"href":"https:\/\/ucnoqta.az\/index.php?rest_route=%2Fwp%2Fv2%2Fcategories&post=122820"},{"taxonomy":"post_tag","embeddable":true,"href":"https:\/\/ucnoqta.az\/index.php?rest_route=%2Fwp%2Fv2%2Ftags&post=122820"}],"curies":[{"name":"wp","href":"https:\/\/api.w.org\/{rel}","templated":true}]}}