{"id":122810,"date":"2021-07-01T21:19:49","date_gmt":"2021-07-01T17:19:49","guid":{"rendered":""},"modified":"-0001-11-30T00:00:00","modified_gmt":"-0001-11-29T20:00:00","slug":"","status":"publish","type":"post","link":"https:\/\/ucnoqta.az\/?p=122810","title":{"rendered":"&#8220;Qaraba\u011f&#8221; ordenli \u015f\u0259hid kapitan\u0131n do\u011fum g\u00fcn\u00fcd\u00fcr"},"content":{"rendered":"<p><strong>El&ccedil;in Ta\u011f\u0131yev&nbsp;1989-cu il&nbsp;iyulun 1-d\u0259&nbsp;Bil\u0259suvar rayonunun&nbsp;Z\u0259hm\u0259tabad&nbsp;k\u0259ndind\u0259 anadan olub.<\/strong><\/p>\n<p>Ucnoqta.az x\u0259b\u0259r verir ki, El&ccedil;in Ta\u011f\u0131yev 2004-2007-ci ill\u0259rd\u0259 is\u0259&nbsp;C\u0259m\u015fid Nax&ccedil;\u0131vanski ad\u0131na H\u0259rbi Liseyd\u0259,&nbsp;2007-2011-ci ill\u0259rd\u0259&nbsp;Heyd\u0259r \u018fliyev ad\u0131na Az\u0259rbaycan Ali H\u0259rbi M\u0259kt\u0259bind\u0259 (AAHM)&nbsp;ali h\u0259rbi t\u0259hsil al\u0131b.<br \/>\nEl&ccedil;in Ta\u011f\u0131yev 2011-ci ild\u0259n&nbsp;Az\u0259rbaycan Silahl\u0131 Q&uuml;vv\u0259l\u0259rinin&nbsp;Qusar rayonunda&nbsp;yerl\u0259\u015f\u0259n &quot;N&quot; sayl\u0131 h\u0259rbi hiss\u0259sind\u0259 xidm\u0259t edirdi.<\/p>\n<p>2016-c\u0131 ilin 2-5 aprelind\u0259 ba\u015f ver\u0259n&nbsp;Aprel d&ouml;y&uuml;\u015fl\u0259ri&nbsp;zaman\u0131 dostu&nbsp;Ziya H\u0259s\u0259novun&nbsp;\u015f\u0259hid olmas\u0131ndan sonra M&uuml;dafi\u0259 Nazirliyin\u0259 m&uuml;raci\u0259t edib v\u0259 &ouml;z ist\u0259yi il\u0259 h\u0259rbi xidm\u0259tini c\u0259bh\u0259 b&ouml;lg\u0259sind\u0259 davam edib.<\/p>\n<p>Az\u0259rbaycan Ordusunun&nbsp;kapitan\u0131 olan El&ccedil;in Ta\u011f\u0131yev 2020-ci il sentyabr\u0131n 27-d\u0259 ba\u015flanan V\u0259t\u0259n m&uuml;harib\u0259si&nbsp;zaman\u0131&nbsp;Tal\u0131\u015f q\u0259s\u0259b\u0259sinin azadl\u0131\u011f\u0131 u\u011frunda ged\u0259n d&ouml;y&uuml;\u015fl\u0259rd\u0259&nbsp;i\u015ftirak edib.<br \/>\nO, bu d&ouml;y&uuml;\u015fl\u0259rd\u0259&nbsp;yaralansa da, d&ouml;y&uuml;\u015f meydan\u0131ndan ilk n&ouml;vb\u0259d\u0259 yaral\u0131 \u0259sg\u0259rl\u0259rin &ccedil;\u0131xar\u0131lmas\u0131n\u0131 \u0259mr edib.<\/p>\n<p>El&ccedil;in Ta\u011f\u0131yev oktyabr\u0131n 1-d\u0259&nbsp;Tal\u0131\u015f d&ouml;y&uuml;\u015fl\u0259ri&nbsp;zaman\u0131 q\u0259hr\u0259mancas\u0131na \u015f\u0259hid olub.&nbsp;&Ouml;l&uuml;m&uuml;nd\u0259n qabaq ona mayor h\u0259rbi r&uuml;tb\u0259si verilmi\u015fdi.<\/p>\n<p>O, Bil\u0259suvar rayonunun&nbsp;Z\u0259hm\u0259tabad&nbsp;k\u0259ndind\u0259 d\u0259fn olunub.<\/p>\n<p>Az\u0259rbaycan Prezidenti&nbsp;\u0130lham \u018fliyevin&nbsp;S\u0259r\u0259ncam\u0131na \u0259sas\u0259n El&ccedil;in Ta\u011f\u0131yev &ouml;l&uuml;m&uuml;nd\u0259n sonra&nbsp;&quot;Qaraba\u011f&quot; ordeni v\u0259&nbsp;&quot;V\u0259t\u0259n u\u011frunda&quot; medallar\u0131&nbsp;il\u0259 t\u0259ltif edilib.<\/p>\n<p>\nAil\u0259li idi. 6 ya\u015fl\u0131 D\u0259ryanur, 3 ya\u015fl\u0131 Ta\u011f\u0131 v\u0259 1 ayl\u0131q M\u0259h\u0259mm\u0259d ad\u0131nda &uuml;&ccedil; &ouml;vlad\u0131 yadigar qald\u0131.<\/p>\n","protected":false},"excerpt":{"rendered":"<p>El&ccedil;in Ta\u011f\u0131yev&nbsp;1989-cu il&nbsp;iyulun 1-d\u0259&nbsp;Bil\u0259suvar rayonunun&nbsp;Z\u0259hm\u0259tabad&nbsp;k\u0259ndind\u0259 anadan olub. Ucnoqta.az x\u0259b\u0259r verir ki, El&ccedil;in Ta\u011f\u0131yev 2004-2007-ci ill\u0259rd\u0259 is\u0259&nbsp;C\u0259m\u015fid Nax&ccedil;\u0131vanski ad\u0131na H\u0259rbi Liseyd\u0259,&nbsp;2007-2011-ci ill\u0259rd\u0259&nbsp;Heyd\u0259r \u018fliyev ad\u0131na Az\u0259rbaycan Ali H\u0259rbi M\u0259kt\u0259bind\u0259 (AAHM)&nbsp;ali h\u0259rbi t\u0259hsil&hellip;<\/p>\n","protected":false},"author":1,"featured_media":251278,"comment_status":"open","ping_status":"open","sticky":false,"template":"","format":"standard","meta":{"_lmt_disableupdate":"","_lmt_disable":"","footnotes":""},"categories":[101],"tags":[],"class_list":["post-122810","post","type-post","status-publish","format-standard","has-post-thumbnail","hentry","category-cemiyyet"],"_links":{"self":[{"href":"https:\/\/ucnoqta.az\/index.php?rest_route=\/wp\/v2\/posts\/122810","targetHints":{"allow":["GET"]}}],"collection":[{"href":"https:\/\/ucnoqta.az\/index.php?rest_route=\/wp\/v2\/posts"}],"about":[{"href":"https:\/\/ucnoqta.az\/index.php?rest_route=\/wp\/v2\/types\/post"}],"author":[{"embeddable":true,"href":"https:\/\/ucnoqta.az\/index.php?rest_route=\/wp\/v2\/users\/1"}],"replies":[{"embeddable":true,"href":"https:\/\/ucnoqta.az\/index.php?rest_route=%2Fwp%2Fv2%2Fcomments&post=122810"}],"version-history":[{"count":0,"href":"https:\/\/ucnoqta.az\/index.php?rest_route=\/wp\/v2\/posts\/122810\/revisions"}],"wp:featuredmedia":[{"embeddable":true,"href":"https:\/\/ucnoqta.az\/index.php?rest_route=\/wp\/v2\/media\/251278"}],"wp:attachment":[{"href":"https:\/\/ucnoqta.az\/index.php?rest_route=%2Fwp%2Fv2%2Fmedia&parent=122810"}],"wp:term":[{"taxonomy":"category","embeddable":true,"href":"https:\/\/ucnoqta.az\/index.php?rest_route=%2Fwp%2Fv2%2Fcategories&post=122810"},{"taxonomy":"post_tag","embeddable":true,"href":"https:\/\/ucnoqta.az\/index.php?rest_route=%2Fwp%2Fv2%2Ftags&post=122810"}],"curies":[{"name":"wp","href":"https:\/\/api.w.org\/{rel}","templated":true}]}}