{"id":122801,"date":"2021-07-01T18:39:44","date_gmt":"2021-07-01T14:39:44","guid":{"rendered":""},"modified":"-0001-11-30T00:00:00","modified_gmt":"-0001-11-29T20:00:00","slug":"","status":"publish","type":"post","link":"https:\/\/ucnoqta.az\/?p=122801","title":{"rendered":"Nadir Adilov Mediasiya \u015euras\u0131 \u0130dar\u0259 Hey\u0259tinin s\u0259dri se\u00e7ildi"},"content":{"rendered":"<p><strong>&Ouml;lk\u0259 Prezidenti \u0130lham \u018fliyevin r\u0259hb\u0259rliyi il\u0259 apar\u0131lan m&uuml;t\u0259r\u0259qqi m\u0259hk\u0259m\u0259-h&uuml;quq islahatlar\u0131 &ccedil;\u0259r&ccedil;iv\u0259sind\u0259 m&uuml;bahis\u0259l\u0259rin m\u0259hk\u0259m\u0259d\u0259nk\u0259nar h\u0259llind\u0259 v\u0259 m\u0259hk\u0259m\u0259l\u0259rin i\u015f y&uuml;k&uuml;n&uuml;n azald\u0131lmas\u0131nda m&uuml;h&uuml;m vasit\u0259 olan mediasiya institutunun t\u0259\u015fviqi &uuml;zr\u0259 ard\u0131c\u0131l t\u0259dbirl\u0259r g&ouml;r&uuml;l&uuml;r.<\/strong><\/p>\n<p>&quot;Mediasiya haqq\u0131nda&quot; Qanuna uy\u011fun olaraq Mediasiya \u015euras\u0131 yarad\u0131l\u0131b, d&ouml;vl\u0259t ba\u015f&ccedil;\u0131s\u0131n\u0131n &quot;M\u0259hk\u0259m\u0259-h&uuml;quq sistemind\u0259 islahatlar\u0131n d\u0259rinl\u0259\u015fdirilm\u0259si haqq\u0131nda&quot; 3 aprel 2019-cu il tarixli F\u0259rman\u0131n\u0131n icras\u0131 &ccedil;\u0259r&ccedil;iv\u0259sind\u0259 mediasiya prosesinin t\u0259tbiqin\u0259 dair maarifl\u0259ndirm\u0259 v\u0259 t\u0259\u015fviqat i\u015fl\u0259ri apar\u0131l\u0131r.<\/p>\n<p>Eyni zamanda \u018fdliyy\u0259 Nazirliyinin \u018fdliyy\u0259 Akademiyas\u0131 mediasiya t\u0259limi qurumu kimi \u015euraya &uuml;zv q\u0259bul edilib. Avropa \u0130ttifaq\u0131 il\u0259 birg\u0259 layih\u0259 h\u0259yata ke&ccedil;iril\u0259r\u0259k mediasiya &uuml;zr\u0259 t\u0259lim&ccedil;il\u0259r haz\u0131rlan\u0131b, beyn\u0259lxalq ekspertl\u0259r c\u0259lb olunmaqla Akademiyada m&uuml;bahis\u0259l\u0259rin alternativ h\u0259lli &uuml;zr\u0259 t\u0259lim&ccedil;il\u0259rinin t\u0259limi t\u0259\u015fkil edilib.<\/p>\n<p>Layih\u0259 &ccedil;\u0259r&ccedil;iv\u0259sind\u0259 mediasiya t\u0259liml\u0259rin\u0259 c\u0259lb edilmi\u015f 300-d\u0259k namiz\u0259d t\u0259liml\u0259ri u\u011furla ba\u015fa vurub v\u0259 onlara m&uuml;vafiq sertifikatlar t\u0259qdim olunub. Haz\u0131rda m&uuml;raci\u0259t etmi\u015f dig\u0259r \u015f\u0259xsl\u0259r\u0259 mediasiya t\u0259liml\u0259rinin ke&ccedil;irilm\u0259si n\u0259z\u0259rd\u0259 tutulur.<br \/>\n\u0130yunun 30-da Mediasiya \u015euras\u0131n\u0131n &Uuml;mumi Y\u0131\u011f\u0131nca\u011f\u0131n\u0131n iclas\u0131 ke&ccedil;irilib. \u0130clasda t\u0259\u015fkilati m\u0259s\u0259l\u0259l\u0259r\u0259 bax\u0131l\u0131b, qurumun r\u0259hb\u0259r orqan\u0131na se&ccedil;kil\u0259r ke&ccedil;iril\u0259r\u0259k \u0130dar\u0259 Hey\u0259tinin t\u0259rkibi formala\u015fd\u0131r\u0131l\u0131b.<\/p>\n<p>H&uuml;quq &uuml;zr\u0259 f\u0259ls\u0259f\u0259 doktoru, dosent, Ki&ccedil;ik v\u0259 Orta Biznesin \u0130nki\u015faf\u0131 Agentliyi \u0130dar\u0259 Hey\u0259tinin s\u0259drinin m&uuml;\u015faviri&nbsp;Nadir Adilov&nbsp;Mediasiya \u015euras\u0131 \u0130dar\u0259 Hey\u0259tinin s\u0259dri, V\u0259kill\u0259r Kollegiyas\u0131n\u0131n v\u0259 &quot;Az\u0259rbaycan Qiym\u0259tl\u0259ndiricil\u0259r C\u0259miyy\u0259ti&quot;nin &uuml;zv&uuml;&nbsp;Yusif Allahverdiyev&nbsp;v\u0259 Qida T\u0259hl&uuml;k\u0259sizliyi Agentliyinin H&uuml;quq, kadr v\u0259 icraya n\u0259zar\u0259t \u015f&ouml;b\u0259sinin m&uuml;diri&nbsp;\u018fli N\u0259biyev&nbsp;\u0130dar\u0259 Hey\u0259tinin &uuml;zvl\u0259ri se&ccedil;ilibl\u0259r.<\/p>\n","protected":false},"excerpt":{"rendered":"<p>&Ouml;lk\u0259 Prezidenti \u0130lham \u018fliyevin r\u0259hb\u0259rliyi il\u0259 apar\u0131lan m&uuml;t\u0259r\u0259qqi m\u0259hk\u0259m\u0259-h&uuml;quq islahatlar\u0131 &ccedil;\u0259r&ccedil;iv\u0259sind\u0259 m&uuml;bahis\u0259l\u0259rin m\u0259hk\u0259m\u0259d\u0259nk\u0259nar h\u0259llind\u0259 v\u0259 m\u0259hk\u0259m\u0259l\u0259rin i\u015f y&uuml;k&uuml;n&uuml;n azald\u0131lmas\u0131nda m&uuml;h&uuml;m vasit\u0259 olan mediasiya institutunun t\u0259\u015fviqi &uuml;zr\u0259 ard\u0131c\u0131l t\u0259dbirl\u0259r g&ouml;r&uuml;l&uuml;r. &quot;Mediasiya&hellip;<\/p>\n","protected":false},"author":1,"featured_media":251278,"comment_status":"open","ping_status":"open","sticky":false,"template":"","format":"standard","meta":{"_lmt_disableupdate":"","_lmt_disable":"","footnotes":""},"categories":[101],"tags":[],"class_list":["post-122801","post","type-post","status-publish","format-standard","has-post-thumbnail","hentry","category-cemiyyet"],"_links":{"self":[{"href":"https:\/\/ucnoqta.az\/index.php?rest_route=\/wp\/v2\/posts\/122801","targetHints":{"allow":["GET"]}}],"collection":[{"href":"https:\/\/ucnoqta.az\/index.php?rest_route=\/wp\/v2\/posts"}],"about":[{"href":"https:\/\/ucnoqta.az\/index.php?rest_route=\/wp\/v2\/types\/post"}],"author":[{"embeddable":true,"href":"https:\/\/ucnoqta.az\/index.php?rest_route=\/wp\/v2\/users\/1"}],"replies":[{"embeddable":true,"href":"https:\/\/ucnoqta.az\/index.php?rest_route=%2Fwp%2Fv2%2Fcomments&post=122801"}],"version-history":[{"count":0,"href":"https:\/\/ucnoqta.az\/index.php?rest_route=\/wp\/v2\/posts\/122801\/revisions"}],"wp:featuredmedia":[{"embeddable":true,"href":"https:\/\/ucnoqta.az\/index.php?rest_route=\/wp\/v2\/media\/251278"}],"wp:attachment":[{"href":"https:\/\/ucnoqta.az\/index.php?rest_route=%2Fwp%2Fv2%2Fmedia&parent=122801"}],"wp:term":[{"taxonomy":"category","embeddable":true,"href":"https:\/\/ucnoqta.az\/index.php?rest_route=%2Fwp%2Fv2%2Fcategories&post=122801"},{"taxonomy":"post_tag","embeddable":true,"href":"https:\/\/ucnoqta.az\/index.php?rest_route=%2Fwp%2Fv2%2Ftags&post=122801"}],"curies":[{"name":"wp","href":"https:\/\/api.w.org\/{rel}","templated":true}]}}