{"id":122799,"date":"2021-07-01T18:06:27","date_gmt":"2021-07-01T14:06:27","guid":{"rendered":""},"modified":"-0001-11-30T00:00:00","modified_gmt":"-0001-11-29T20:00:00","slug":"","status":"publish","type":"post","link":"https:\/\/ucnoqta.az\/?p=122799","title":{"rendered":"Erm\u0259ni terror\u00e7u m\u0259hk\u0259m\u0259d\u0259 Az\u0259rbaycan \u0259razisin\u0259 qanunsuz ke\u00e7diyini etiraf edib"},"content":{"rendered":"<p><strong>Bu g&uuml;n Bak\u0131 Apellyasiya M\u0259hk\u0259m\u0259sinin inzibati binas\u0131nda Erm\u0259nistan v\u0259t\u0259nda\u015flar\u0131ndan ibar\u0259t terror&ccedil;u silahl\u0131 birl\u0259\u015fm\u0259nin t\u0259rkibind\u0259 d&ouml;y&uuml;\u015f\u0259n &#8211; Astanyan Yeqi\u015f Oqanesovi&ccedil;, Aramyan Karen Armenovi&ccedil;, Avakyan Tiqran Manikovi&ccedil;, Qevorkyan Qriqor Qevorqiyevi&ccedil;, Manukyan Ovsep Robertovi&ccedil;, Martirosyan Qevorg Samvelovi&ccedil;, Qevorkyan Robert Ovikovi&ccedil;, Avetisyan Vaqar\u015faq A\u015fotovi&ccedil;, Akopyan Volodya Qaqikovi&ccedil;, Sukiasyan Andranik Srapovi&ccedil;, Manukyan Andranik Tiqranovi&ccedil;, Saqatelyan Qriqor Seyranovi&ccedil;, Giraqusyan Eduard Armenovi&ccedil;in cinay\u0259t i\u015fi &uuml;zr\u0259 m\u0259hk\u0259m\u0259 iclas\u0131 davam etdirilib.<\/strong><\/p>\n<p>Ucnoqta.az &ldquo;Report&rdquo;a istinad\u0259n x\u0259b\u0259r verir ki, Bak\u0131 A\u011f\u0131r Cinay\u0259tl\u0259r M\u0259hk\u0259m\u0259sinin hakimi Faiq Q\u0259niyevin s\u0259drliyi il\u0259 ke&ccedil;iril\u0259n prosesd\u0259 t\u0259qsirl\u0259ndiril\u0259n K.Aramyan ifad\u0259 verib.<\/p>\n<p>O deyib ki, 2020-ci ilin noyabr ay\u0131n\u0131n 27-d\u0259 h\u0259rbi komissarl\u0131\u011fa &ccedil;a\u011f\u0131r\u0131lmay\u0131b, birba\u015fa h\u0259rbi hiss\u0259y\u0259 g\u0259tirilib:<\/p>\n<p>&ldquo;Biz\u0259 silah v\u0259 zirehli geyim verib da\u011fa apard\u0131lar. Az\u0259rbaycan h\u0259rb&ccedil;il\u0259ri il\u0259 rastla\u015fd\u0131q, bizi saxlad\u0131lar v\u0259 silahlar\u0131m\u0131z\u0131 ald\u0131lar. Onlara t\u0259slim olub silahlar\u0131 verdik. Az\u0259rbaycan \u0259sg\u0259rl\u0259rinin m&uuml;\u015fahid\u0259si il\u0259 h\u0259rbi hiss\u0259y\u0259 g\u0259tirildik. Biz\u0259 Az\u0259rbaycan \u0259sg\u0259rl\u0259ri he&ccedil; bir t\u0259zyiq g&ouml;st\u0259rm\u0259di&quot;.<\/p>\n<p>Prokurorun suallar\u0131n\u0131 cavabland\u0131ran K.Aramyan qeyd edib ki, o, Hadrut \u0259razisin\u0259 g\u0259lm\u0259kd\u0259n imtina ed\u0259 bilm\u0259yib: &ldquo;Hadrutda silahl\u0131 d\u0259st\u0259l\u0259rin hans\u0131n\u0131n hans\u0131 \u0259razid\u0259 olmas\u0131n\u0131 Kazaryan t\u0259yin edirdi. O, q\u0259rar ver\u0259nd\u0259n sonra bizim postlar\u0131 t\u0259yin edirdil\u0259r.<\/p>\n<p>M\u0259n 2013-2015-ci ill\u0259rd\u0259 Qubadl\u0131 rayonundak\u0131 h\u0259rbi hiss\u0259d\u0259 xidm\u0259t etmi\u015f\u0259m. Bilirdim ki, ora Az\u0259rbaycan \u0259razisidir&rdquo;.<\/p>\n<p>Hakim bildirib ki, t\u0259qsirl\u0259ndiril\u0259n \u015f\u0259xsin ibtidai istintaqa verdiyi ifad\u0259 il\u0259 m\u0259hk\u0259m\u0259y\u0259 verdiyi ifad\u0259si aras\u0131nda b\u0259zi ziddiyy\u0259tl\u0259r var. Ona g&ouml;r\u0259 d\u0259 prosesd\u0259 onun ibtidai istintaqa ifad\u0259si elan edilib. K.Aramyan istintaqa dindiril\u0259rk\u0259n s&ouml;yl\u0259yib ki, Arsen Kazaryan\u0131n tap\u015f\u0131r\u0131\u011f\u0131 il\u0259 onlar\u0131 Xocav\u0259nd\u0259 g\u0259tirib Hadrutda yerl\u0259\u015fdiribl\u0259r. Orada deyilib ki, &ldquo;Az\u0259rbaycan \u0259sg\u0259rl\u0259ri bu \u0259raziy\u0259 yax\u0131nla\u015farsa, silahl\u0131 m&uuml;qavim\u0259t g&ouml;st\u0259rin&rdquo;.<\/p>\n<p>Daha sonra m\u0259hk\u0259m\u0259d\u0259 A.Manukyan dindirilib. O, ifad\u0259sind\u0259 &ouml;z&uuml;n&uuml; qism\u0259n t\u0259qsirli bildiyini deyib: &ldquo;Etiraf edir\u0259m ki, Az\u0259rbaycan \u0259razisin\u0259 qanunsuz ke&ccedil;diyimi bilirdim. Lakin biz tap\u015f\u0131r\u0131q icra edirdik. Kazaryan Rusiya s&uuml;lhm\u0259raml\u0131lar\u0131 il\u0259 dan\u0131\u015fandan sonra bizi Az\u0259rbaycan \u0259razisin\u0259 buraxd\u0131lar. 14 g&uuml;n da\u011fdak\u0131 postda qald\u0131q. Sonra qida g&ouml;nd\u0259ril\u0259n yer\u0259 d&uuml;\u015fd&uuml;k, orada bizi erm\u0259ni komandir qar\u015f\u0131lamal\u0131 idi. Amma g&ouml;rd&uuml;k ki, komandir orada yoxdur, qa&ccedil;\u0131b. T\u0259xmin\u0259n yar\u0131m saat yol ged\u0259nd\u0259n sonra Az\u0259rbaycan \u0259sg\u0259rl\u0259ri il\u0259 rastla\u015fd\u0131q, onlara t\u0259slim olduq&rdquo;.<\/p>\n<p>Prokurorun suallar\u0131n\u0131 cavabland\u0131rark\u0259n t\u0259qsirl\u0259ndiril\u0259n \u015f\u0259xs qeyd edib ki, o, 2015-2017-ci ill\u0259rd\u0259 T\u0259rt\u0259r rayonunun T\u0259p\u0259k\u0259nd (Tona\u015fen) k\u0259ndind\u0259 h\u0259rbi xidm\u0259td\u0259 olub: &ldquo;M&uuml;harib\u0259nin dayand\u0131r\u0131lmas\u0131ndan m\u0259lumat\u0131m var idi. Bilirdim ki, Erm\u0259nistan kapitulyasiya akt\u0131n\u0131 imzalay\u0131b&rdquo;.<\/p>\n<p>Hakim s&ouml;yl\u0259yib ki, t\u0259qsirl\u0259ndiril\u0259n \u015f\u0259xs istintaqda onlara Kazaryanla yana\u015f\u0131 Artur Muradyan r\u0259hb\u0259rlik ed\u0259r\u0259k tap\u015f\u0131r\u0131qlar verdiyini bildirib. H\u0259m&ccedil;inin o, istintaq ifad\u0259sind\u0259 deyib ki, Xocav\u0259ndd\u0259 xidm\u0259t etm\u0259kd\u0259 m\u0259qs\u0259di h\u0259min \u0259razil\u0259r\u0259 Az\u0259rbaycan h\u0259rb&ccedil;il\u0259rinin daxil olmas\u0131na mane&ccedil;ilik t&ouml;r\u0259tm\u0259k olub.<\/p>\n<p>Daha sonra t\u0259qsirl\u0259ndiril\u0259n E.Giraqusyan dindirilib. O deyib ki, da\u011fda postda olan zaman bir d\u0259f\u0259 at\u0259\u015f a&ccedil;\u0131b.<\/p>\n<p>Hakim bildirib ki, t\u0259qsirl\u0259ndiril\u0259n \u015f\u0259xsin ibtidai istintaqda verdiyi ifad\u0259sind\u0259 ziddiyy\u0259tl\u0259r var. H\u0259min ziddiyy\u0259tl\u0259r ondan ibar\u0259tdir ki, onlar Az\u0259rbaycan h\u0259rbi&ccedil;il\u0259rin\u0259 m&uuml;qavim\u0259t g&ouml;st\u0259rm\u0259k bar\u0259d\u0259 r\u0259hb\u0259rlikl\u0259rind\u0259n tap\u015f\u0131r\u0131qlar al\u0131blar.<\/p>\n<p>N&ouml;vb\u0259ti proses iyulun 5-n\u0259 t\u0259yin edilib.<\/p>\n","protected":false},"excerpt":{"rendered":"<p>Bu g&uuml;n Bak\u0131 Apellyasiya M\u0259hk\u0259m\u0259sinin inzibati binas\u0131nda Erm\u0259nistan v\u0259t\u0259nda\u015flar\u0131ndan ibar\u0259t terror&ccedil;u silahl\u0131 birl\u0259\u015fm\u0259nin t\u0259rkibind\u0259 d&ouml;y&uuml;\u015f\u0259n &#8211; Astanyan Yeqi\u015f Oqanesovi&ccedil;, Aramyan Karen Armenovi&ccedil;, Avakyan Tiqran Manikovi&ccedil;, Qevorkyan Qriqor Qevorqiyevi&ccedil;, Manukyan Ovsep&hellip;<\/p>\n","protected":false},"author":1,"featured_media":251278,"comment_status":"open","ping_status":"open","sticky":false,"template":"","format":"standard","meta":{"_lmt_disableupdate":"","_lmt_disable":"","footnotes":""},"categories":[],"tags":[],"class_list":["post-122799","post","type-post","status-publish","format-standard","has-post-thumbnail","hentry"],"_links":{"self":[{"href":"https:\/\/ucnoqta.az\/index.php?rest_route=\/wp\/v2\/posts\/122799","targetHints":{"allow":["GET"]}}],"collection":[{"href":"https:\/\/ucnoqta.az\/index.php?rest_route=\/wp\/v2\/posts"}],"about":[{"href":"https:\/\/ucnoqta.az\/index.php?rest_route=\/wp\/v2\/types\/post"}],"author":[{"embeddable":true,"href":"https:\/\/ucnoqta.az\/index.php?rest_route=\/wp\/v2\/users\/1"}],"replies":[{"embeddable":true,"href":"https:\/\/ucnoqta.az\/index.php?rest_route=%2Fwp%2Fv2%2Fcomments&post=122799"}],"version-history":[{"count":0,"href":"https:\/\/ucnoqta.az\/index.php?rest_route=\/wp\/v2\/posts\/122799\/revisions"}],"wp:featuredmedia":[{"embeddable":true,"href":"https:\/\/ucnoqta.az\/index.php?rest_route=\/wp\/v2\/media\/251278"}],"wp:attachment":[{"href":"https:\/\/ucnoqta.az\/index.php?rest_route=%2Fwp%2Fv2%2Fmedia&parent=122799"}],"wp:term":[{"taxonomy":"category","embeddable":true,"href":"https:\/\/ucnoqta.az\/index.php?rest_route=%2Fwp%2Fv2%2Fcategories&post=122799"},{"taxonomy":"post_tag","embeddable":true,"href":"https:\/\/ucnoqta.az\/index.php?rest_route=%2Fwp%2Fv2%2Ftags&post=122799"}],"curies":[{"name":"wp","href":"https:\/\/api.w.org\/{rel}","templated":true}]}}