{"id":114057,"date":"2021-03-02T17:24:32","date_gmt":"2021-03-02T13:24:32","guid":{"rendered":""},"modified":"-0001-11-30T00:00:00","modified_gmt":"-0001-11-29T20:00:00","slug":"","status":"publish","type":"post","link":"https:\/\/ucnoqta.az\/?p=114057","title":{"rendered":"Daha bir Qaraba\u011f veteran\u0131 y\u00fcks\u0259k v\u0259zif\u0259y\u0259 t\u0259yin olunub"},"content":{"rendered":"<p>\u0130smay\u0131ll\u0131 Rayon \u0130cra Hakimiyy\u0259ti ba\u015f\u00e7\u0131s\u0131n\u0131n m\u00fcvafiq s\u0259r\u0259ncam\u0131na \u0259sas\u0259n S\u00fcleymanov \u018fli\u015fir Muxibbi o\u011flu R\u0130H ba\u015f\u00e7\u0131s\u0131n\u0131n \u0130smay\u0131ll\u0131 \u015f\u0259h\u0259r inzibati \u0259razi dair\u0259si \u00fczr\u0259 n\u00fcmay\u0259nd\u0259si v\u0259zif\u0259sin\u0259 t\u0259yin edilib.<\/p>\n<p>Bu bar\u0259d\u0259 Ucnoqta.az-a \u0130cra hakimiyy\u0259tind\u0259n bildirilib. <\/p>\n<p>\u018fli\u015fir S\u00fcleymanov 15 mart 1974-c\u00fc ild\u0259 \u00d6zb\u0259kistan Respublikas\u0131 Da\u015fk\u0259nd vilay\u0259tinin Buka rayonunda anadan olub. Haz\u0131rda \u0130smay\u0131ll\u0131 rayonunun Qo\u015fak\u0259nd k\u0259ndind\u0259 ya\u015fay\u0131r.<\/p>\n<p> 1996-c\u0131 il tarixind\u0259 Bak\u0131 Ali Birl\u0259\u015fmi\u015f Komandirl\u0259r m\u0259kt\u0259binin taktiki motoat\u0131c\u0131 qo\u015funlar\u0131 komandiri (zirehli tank v\u0259 avtomobil texnikas\u0131n\u0131n istismar\u0131 \u00fczr\u0259 m\u00fch\u0259ndis) ixtisasi \u00fczr\u0259 t\u0259hsilini m\u00fcv\u0259ff\u0259qiyy\u0259tl\u0259 ba\u015fa vurmu\u015fdur. 1992-2016-c\u0131 ill\u0259rd\u0259 Az\u0259rbaycan ordusunda m\u00fcxt\u0259lif h\u0259rbi v\u0259zif\u0259l\u0259r \u00fczr\u0259 \u00f6n c\u0259bh\u0259d\u0259 xidm\u0259t etmi\u015f \u018f.S\u00fcleymanov 2016-c\u0131 ild\u0259 polkovnik-leytenant r\u00fctb\u0259si il\u0259 ehtiyata burax\u0131lm\u0131\u015fd\u0131r. <\/p>\n<p>22 iyun 2006-c\u0131 il tarixind\u0259 \u201cQ\u00fcsursuz xidm\u0259t\u0259 g\u00f6r\u0259\u201d 3-c\u00fc d\u0259r\u0259c\u0259li, 26 iyun 2008-ci il tarixind\u0259 \u201cQ\u00fcsursuz xidm\u0259t\u0259 g\u00f6r\u0259\u201d 2-ci d\u0259r\u0259c\u0259li, 05 iyul 2019-cu il tarixind\u0259 \u201cF\u018fDA\u0130\u201d medallar\u0131na layiq g\u00f6r\u00fcl\u00fcb. <\/p>\n<p>II qrup Qaraba\u011f M\u00fcharib\u0259si \u0259lilidir. 15 may 2020-ci il tarixind\u0259n \u0130smay\u0131ll\u0131 Rayon \u0130cra Hakimiyy\u0259tinin ba\u015f\u00e7\u0131s\u0131 aparat\u0131nda ba\u015f m\u00fct\u0259x\u0259ssis-komendant v\u0259zif\u0259sind\u0259 \u00e7al\u0131\u015f\u0131b. Ail\u0259lidir, 3 \u00f6vlad\u0131 var.  <\/p>\n","protected":false},"excerpt":{"rendered":"<p>\u0130smay\u0131ll\u0131 Rayon \u0130cra Hakimiyy\u0259ti ba\u015f\u00e7\u0131s\u0131n\u0131n m\u00fcvafiq s\u0259r\u0259ncam\u0131na \u0259sas\u0259n S\u00fcleymanov \u018fli\u015fir Muxibbi o\u011flu R\u0130H ba\u015f\u00e7\u0131s\u0131n\u0131n \u0130smay\u0131ll\u0131 \u015f\u0259h\u0259r inzibati \u0259razi dair\u0259si \u00fczr\u0259 n\u00fcmay\u0259nd\u0259si v\u0259zif\u0259sin\u0259 t\u0259yin edilib. Bu bar\u0259d\u0259 Ucnoqta.az-a \u0130cra hakimiyy\u0259tind\u0259n bildirilib.&hellip;<\/p>\n","protected":false},"author":1,"featured_media":251278,"comment_status":"open","ping_status":"open","sticky":false,"template":"","format":"standard","meta":{"_lmt_disableupdate":"","_lmt_disable":"","footnotes":""},"categories":[],"tags":[],"class_list":["post-114057","post","type-post","status-publish","format-standard","has-post-thumbnail","hentry"],"_links":{"self":[{"href":"https:\/\/ucnoqta.az\/index.php?rest_route=\/wp\/v2\/posts\/114057","targetHints":{"allow":["GET"]}}],"collection":[{"href":"https:\/\/ucnoqta.az\/index.php?rest_route=\/wp\/v2\/posts"}],"about":[{"href":"https:\/\/ucnoqta.az\/index.php?rest_route=\/wp\/v2\/types\/post"}],"author":[{"embeddable":true,"href":"https:\/\/ucnoqta.az\/index.php?rest_route=\/wp\/v2\/users\/1"}],"replies":[{"embeddable":true,"href":"https:\/\/ucnoqta.az\/index.php?rest_route=%2Fwp%2Fv2%2Fcomments&post=114057"}],"version-history":[{"count":0,"href":"https:\/\/ucnoqta.az\/index.php?rest_route=\/wp\/v2\/posts\/114057\/revisions"}],"wp:featuredmedia":[{"embeddable":true,"href":"https:\/\/ucnoqta.az\/index.php?rest_route=\/wp\/v2\/media\/251278"}],"wp:attachment":[{"href":"https:\/\/ucnoqta.az\/index.php?rest_route=%2Fwp%2Fv2%2Fmedia&parent=114057"}],"wp:term":[{"taxonomy":"category","embeddable":true,"href":"https:\/\/ucnoqta.az\/index.php?rest_route=%2Fwp%2Fv2%2Fcategories&post=114057"},{"taxonomy":"post_tag","embeddable":true,"href":"https:\/\/ucnoqta.az\/index.php?rest_route=%2Fwp%2Fv2%2Ftags&post=114057"}],"curies":[{"name":"wp","href":"https:\/\/api.w.org\/{rel}","templated":true}]}}