{"id":114054,"date":"2021-03-02T16:11:15","date_gmt":"2021-03-02T12:11:15","guid":{"rendered":""},"modified":"-0001-11-30T00:00:00","modified_gmt":"-0001-11-29T20:00:00","slug":"","status":"publish","type":"post","link":"https:\/\/ucnoqta.az\/?p=114054","title":{"rendered":"&#8220;Barselona&#8221;n\u0131n sabiq prezidenti azadl\u0131\u011fa burax\u0131ld\u0131"},"content":{"rendered":"<p><strong>Mart\u0131n 2-d\u0259 h\u0259bs olunan \u0130spaniyan\u0131n &quot;Barselona&quot; klubunun sabiq prezidenti Xosep Bartomeu m\u0259hk\u0259m\u0259nin q\u0259rar\u0131 il\u0259 m&uuml;v\u0259qq\u0259ti olaraq azadl\u0131\u011fa burax\u0131l\u0131b.<\/strong><\/p>\n<p>&quot;Report&quot;un &quot;Marca&quot;ya istinad\u0259n m\u0259lumat\u0131na, funksioner yax\u0131n g&uuml;nl\u0259rd\u0259 istintaq materiallar\u0131 il\u0259 tan\u0131\u015f olacaq v\u0259 yenid\u0259n \u015f&uuml;bh\u0259li qismind\u0259 ifad\u0259 ver\u0259c\u0259k.<\/p>\n<p>Qeyd ed\u0259k ki, Bartomeu d&uuml;n\u0259n s\u0259h\u0259r saatlar\u0131nda saxlan\u0131l\u0131b. O, v\u0259zif\u0259 s\u0259lahiyy\u0259tl\u0259rind\u0259n sui-istifad\u0259 v\u0259 korrupsiyada ittiham edilir. Onunla birlikd\u0259 Kataloniya t\u0259msil&ccedil;isinin ba\u015f direktoru Oskar Qrau, h&uuml;quqi xidm\u0259tl\u0259r &uuml;zr\u0259 direktor Roman Qomez Ponti, ke&ccedil;mi\u015f direktor Xaume Masferrer d\u0259 h\u0259bs edilmi\u015fdi.<\/p>\n","protected":false},"excerpt":{"rendered":"<p>Mart\u0131n 2-d\u0259 h\u0259bs olunan \u0130spaniyan\u0131n &quot;Barselona&quot; klubunun sabiq prezidenti Xosep Bartomeu m\u0259hk\u0259m\u0259nin q\u0259rar\u0131 il\u0259 m&uuml;v\u0259qq\u0259ti olaraq azadl\u0131\u011fa burax\u0131l\u0131b. &quot;Report&quot;un &quot;Marca&quot;ya istinad\u0259n m\u0259lumat\u0131na, funksioner yax\u0131n g&uuml;nl\u0259rd\u0259 istintaq materiallar\u0131 il\u0259 tan\u0131\u015f olacaq&hellip;<\/p>\n","protected":false},"author":1,"featured_media":251278,"comment_status":"open","ping_status":"open","sticky":false,"template":"","format":"standard","meta":{"_lmt_disableupdate":"","_lmt_disable":"","footnotes":""},"categories":[90],"tags":[],"class_list":["post-114054","post","type-post","status-publish","format-standard","has-post-thumbnail","hentry","category-idman-butun-xeberler"],"_links":{"self":[{"href":"https:\/\/ucnoqta.az\/index.php?rest_route=\/wp\/v2\/posts\/114054","targetHints":{"allow":["GET"]}}],"collection":[{"href":"https:\/\/ucnoqta.az\/index.php?rest_route=\/wp\/v2\/posts"}],"about":[{"href":"https:\/\/ucnoqta.az\/index.php?rest_route=\/wp\/v2\/types\/post"}],"author":[{"embeddable":true,"href":"https:\/\/ucnoqta.az\/index.php?rest_route=\/wp\/v2\/users\/1"}],"replies":[{"embeddable":true,"href":"https:\/\/ucnoqta.az\/index.php?rest_route=%2Fwp%2Fv2%2Fcomments&post=114054"}],"version-history":[{"count":0,"href":"https:\/\/ucnoqta.az\/index.php?rest_route=\/wp\/v2\/posts\/114054\/revisions"}],"wp:featuredmedia":[{"embeddable":true,"href":"https:\/\/ucnoqta.az\/index.php?rest_route=\/wp\/v2\/media\/251278"}],"wp:attachment":[{"href":"https:\/\/ucnoqta.az\/index.php?rest_route=%2Fwp%2Fv2%2Fmedia&parent=114054"}],"wp:term":[{"taxonomy":"category","embeddable":true,"href":"https:\/\/ucnoqta.az\/index.php?rest_route=%2Fwp%2Fv2%2Fcategories&post=114054"},{"taxonomy":"post_tag","embeddable":true,"href":"https:\/\/ucnoqta.az\/index.php?rest_route=%2Fwp%2Fv2%2Ftags&post=114054"}],"curies":[{"name":"wp","href":"https:\/\/api.w.org\/{rel}","templated":true}]}}