{"id":114053,"date":"2021-03-02T15:58:03","date_gmt":"2021-03-02T11:58:03","guid":{"rendered":""},"modified":"-0001-11-30T00:00:00","modified_gmt":"-0001-11-29T20:00:00","slug":"","status":"publish","type":"post","link":"https:\/\/ucnoqta.az\/?p=114053","title":{"rendered":"Ukrayna prezidenti koronavirusa qar\u015f\u0131 vaksinasiya olunub"},"content":{"rendered":"<p><strong>Ukraynan\u0131n prezidenti&nbsp;Vladimir Zelenski&nbsp;koronavirusa qar\u015f\u0131 vaksinasiya olunub.<\/strong><\/p>\n<p>Bu bar\u0259d\u0259 UNIAN m\u0259lumat yay\u0131b.<\/p>\n<p>Bildirilib ki, V.Zelenski Donbasa m&uuml;naqi\u015f\u0259 zonas\u0131na s\u0259f\u0259ri zaman\u0131 bunu edib. O, peyv\u0259nd olunmas\u0131 il\u0259 ba\u011fl\u0131 fotosunu tvitter s\u0259hif\u0259sind\u0259 payla\u015f\u0131b.<\/p>\n<p>Ukraynan\u0131n s\u0259hiyy\u0259 naziri&nbsp;Maksim Stepanov&nbsp;V.Zelenskinin n&uuml;mayi\u015fkaran\u0259 peyv\u0259nd olunmas\u0131n\u0131 sifari\u015f edil\u0259n &ldquo;AstraZeneca&rdquo; vaksininin keyfiyy\u0259tini ukraynal\u0131lara g&ouml;st\u0259rm\u0259y\u0259 c\u0259hd oldu\u011funu bildirib.<\/p>\n<p>Qeyd ed\u0259k ki, fevral\u0131n 22-d\u0259 Ukraynan\u0131n S\u0259hiyy\u0259 Nazirliyi &ldquo;Pxford&rdquo; v\u0259 &ldquo;AstraZeneca&rdquo; \u015firk\u0259tl\u0259rinin haz\u0131rlad\u0131\u011f\u0131 vaksinl\u0259ri qeyd\u0259 al\u0131b.<\/p>\n<p>Fevral\u0131n 24-d\u0259n Ukraynada tibb i\u015f&ccedil;il\u0259rinin vaksinasiyas\u0131 ba\u015flay\u0131b.<\/p>\n","protected":false},"excerpt":{"rendered":"<p>Ukraynan\u0131n prezidenti&nbsp;Vladimir Zelenski&nbsp;koronavirusa qar\u015f\u0131 vaksinasiya olunub. Bu bar\u0259d\u0259 UNIAN m\u0259lumat yay\u0131b. Bildirilib ki, V.Zelenski Donbasa m&uuml;naqi\u015f\u0259 zonas\u0131na s\u0259f\u0259ri zaman\u0131 bunu edib. O, peyv\u0259nd olunmas\u0131 il\u0259 ba\u011fl\u0131 fotosunu tvitter s\u0259hif\u0259sind\u0259 payla\u015f\u0131b.&hellip;<\/p>\n","protected":false},"author":1,"featured_media":251278,"comment_status":"open","ping_status":"open","sticky":false,"template":"","format":"standard","meta":{"_lmt_disableupdate":"","_lmt_disable":"","footnotes":""},"categories":[89],"tags":[],"class_list":["post-114053","post","type-post","status-publish","format-standard","has-post-thumbnail","hentry","category-dunya-butun-xeberler"],"_links":{"self":[{"href":"https:\/\/ucnoqta.az\/index.php?rest_route=\/wp\/v2\/posts\/114053","targetHints":{"allow":["GET"]}}],"collection":[{"href":"https:\/\/ucnoqta.az\/index.php?rest_route=\/wp\/v2\/posts"}],"about":[{"href":"https:\/\/ucnoqta.az\/index.php?rest_route=\/wp\/v2\/types\/post"}],"author":[{"embeddable":true,"href":"https:\/\/ucnoqta.az\/index.php?rest_route=\/wp\/v2\/users\/1"}],"replies":[{"embeddable":true,"href":"https:\/\/ucnoqta.az\/index.php?rest_route=%2Fwp%2Fv2%2Fcomments&post=114053"}],"version-history":[{"count":0,"href":"https:\/\/ucnoqta.az\/index.php?rest_route=\/wp\/v2\/posts\/114053\/revisions"}],"wp:featuredmedia":[{"embeddable":true,"href":"https:\/\/ucnoqta.az\/index.php?rest_route=\/wp\/v2\/media\/251278"}],"wp:attachment":[{"href":"https:\/\/ucnoqta.az\/index.php?rest_route=%2Fwp%2Fv2%2Fmedia&parent=114053"}],"wp:term":[{"taxonomy":"category","embeddable":true,"href":"https:\/\/ucnoqta.az\/index.php?rest_route=%2Fwp%2Fv2%2Fcategories&post=114053"},{"taxonomy":"post_tag","embeddable":true,"href":"https:\/\/ucnoqta.az\/index.php?rest_route=%2Fwp%2Fv2%2Ftags&post=114053"}],"curies":[{"name":"wp","href":"https:\/\/api.w.org\/{rel}","templated":true}]}}