{"id":114050,"date":"2021-03-02T15:00:27","date_gmt":"2021-03-02T11:00:27","guid":{"rendered":""},"modified":"-0001-11-30T00:00:00","modified_gmt":"-0001-11-29T20:00:00","slug":"","status":"publish","type":"post","link":"https:\/\/ucnoqta.az\/?p=114050","title":{"rendered":"\u018frdo\u011fan Qaraba\u011f Z\u0259f\u0259ri v\u0259 Xocal\u0131 q\u0259tliam\u0131 haqq\u0131nda serial \u00e7\u0259kilm\u0259si bar\u0259d\u0259 tap\u015f\u0131r\u0131q verib"},"content":{"rendered":"<p><strong>&ldquo;C\u0259nab Prezidentimizin tap\u015f\u0131r\u0131\u011f\u0131 il\u0259 Qaraba\u011f Z\u0259f\u0259ri il\u0259 yana\u015f\u0131, Qafqaz \u0130slam Ordusu v\u0259 Xocal\u0131 q\u0259tliam\u0131 kimi tarixi hadis\u0259l\u0259r haqq\u0131nda T&uuml;rkiy\u0259 v\u0259 Az\u0259rbaycan birg\u0259 serial, film layih\u0259l\u0259ri h\u0259yata ke&ccedil;ir\u0259c\u0259k&rdquo;.<\/strong><\/p>\n<p>Bunu T&uuml;rkiy\u0259 Prezidenti Administrasiyas\u0131n\u0131n \u0130ctimaiyy\u0259tl\u0259 \u0259laq\u0259l\u0259r idar\u0259sinin r\u0259hb\u0259ri&nbsp;F\u0259xr\u0259ddin Altun&nbsp;Az\u0259rbaycan\u0131n m\u0259d\u0259niyy\u0259t naziri&nbsp;Anar K\u0259rimov&nbsp;il\u0259 g&ouml;r&uuml;\u015fd\u0259 s&ouml;yl\u0259yib.<\/p>\n<p>O bildirib ki, bu c&uuml;r layih\u0259l\u0259rin h\u0259m milli, h\u0259m d\u0259 d&uuml;nya miqyas\u0131nda m\u0259tbuat v\u0259 r\u0259q\u0259msal platformalarda yer almas\u0131 t\u0259min edil\u0259c\u0259k: &ldquo;H\u0259min layih\u0259l\u0259rd\u0259 tarix v\u0259 ideallar\u0131m\u0131z\u0131n birliyini \u0259n g&uuml;cl&uuml; \u015f\u0259kild\u0259 vur\u011fulayaca\u011f\u0131q. Serial v\u0259 film sektorlar\u0131m\u0131z\u0131n birlikd\u0259 i\u015fl\u0259m\u0259si v\u0259 t\u0259cr&uuml;b\u0259l\u0259rini payla\u015fmas\u0131 &ccedil;ox &ouml;n\u0259mlidir&rdquo;.<\/p>\n<p>F.Altun vur\u011fulay\u0131b ki, iki &ouml;lk\u0259nin tarixi olaylar\u0131 il\u0259 yana\u015f\u0131, ortaq d\u0259y\u0259rl\u0259rini g&uuml;nd\u0259m\u0259 g\u0259tir\u0259n birg\u0259 s\u0259rgi, simpozium ke&ccedil;iril\u0259, n\u0259\u015frl\u0259r haz\u0131rlana bil\u0259r.<\/p>\n<p>O, s&ouml;z&uuml;ged\u0259n f\u0259aliyy\u0259tl\u0259rin T&uuml;rkiy\u0259 v\u0259 Az\u0259rbaycan v\u0259t\u0259nda\u015flar\u0131 il\u0259 m\u0259hdudla\u015fmamas\u0131n\u0131n vacibliyini diqq\u0259t\u0259 &ccedil;atd\u0131r\u0131b:<br \/>\n&ldquo;Beyn\u0259lxalq t\u0259\u015fkilatlar v\u0259 platformalarda f\u0259aliyy\u0259tl\u0259rimizi s\u0131x \u0259m\u0259kda\u015fl\u0131q v\u0259 koordinasiya edilmi\u015f formada h\u0259yata ke&ccedil;ir\u0259c\u0259yik. Az\u0259rbaycan Prezidenti, c\u0259nab \u0130lham \u018fliyevin g&uuml;nd\u0259m\u0259 g\u0259tirdiyi, Prezidentimiz, c\u0259nab R\u0259c\u0259b Tayyib \u018frdo\u011fan\u0131n da d\u0259st\u0259k verdiyi &ccedil;oxt\u0259r\u0259fli regional \u0259m\u0259kda\u015fl\u0131q platformas\u0131 t\u0259klifini d\u0259 d&uuml;nyaya anlatmal\u0131y\u0131q. Erm\u0259nistan\u0131n Qaraba\u011fdak\u0131 m\u0259d\u0259ni irs\u0259 vurdu\u011fu z\u0259r\u0259rl\u0259ri d&uuml;nyan\u0131n g&uuml;nd\u0259min\u0259 g\u0259tirib, i\u015f\u011fal alt\u0131ndak\u0131 torpaqlar\u0131n azad olunmas\u0131ndan sonra h\u0259yata ke&ccedil;iril\u0259n i\u015fl\u0259ri beyn\u0259lxalq ictimaiyy\u0259t\u0259 &ccedil;atd\u0131rmal\u0131y\u0131q&rdquo;.<\/p>\n","protected":false},"excerpt":{"rendered":"<p>&ldquo;C\u0259nab Prezidentimizin tap\u015f\u0131r\u0131\u011f\u0131 il\u0259 Qaraba\u011f Z\u0259f\u0259ri il\u0259 yana\u015f\u0131, Qafqaz \u0130slam Ordusu v\u0259 Xocal\u0131 q\u0259tliam\u0131 kimi tarixi hadis\u0259l\u0259r haqq\u0131nda T&uuml;rkiy\u0259 v\u0259 Az\u0259rbaycan birg\u0259 serial, film layih\u0259l\u0259ri h\u0259yata ke&ccedil;ir\u0259c\u0259k&rdquo;. Bunu T&uuml;rkiy\u0259 Prezidenti&hellip;<\/p>\n","protected":false},"author":1,"featured_media":251278,"comment_status":"open","ping_status":"open","sticky":false,"template":"","format":"standard","meta":{"_lmt_disableupdate":"","_lmt_disable":"","footnotes":""},"categories":[],"tags":[],"class_list":["post-114050","post","type-post","status-publish","format-standard","has-post-thumbnail","hentry"],"_links":{"self":[{"href":"https:\/\/ucnoqta.az\/index.php?rest_route=\/wp\/v2\/posts\/114050","targetHints":{"allow":["GET"]}}],"collection":[{"href":"https:\/\/ucnoqta.az\/index.php?rest_route=\/wp\/v2\/posts"}],"about":[{"href":"https:\/\/ucnoqta.az\/index.php?rest_route=\/wp\/v2\/types\/post"}],"author":[{"embeddable":true,"href":"https:\/\/ucnoqta.az\/index.php?rest_route=\/wp\/v2\/users\/1"}],"replies":[{"embeddable":true,"href":"https:\/\/ucnoqta.az\/index.php?rest_route=%2Fwp%2Fv2%2Fcomments&post=114050"}],"version-history":[{"count":0,"href":"https:\/\/ucnoqta.az\/index.php?rest_route=\/wp\/v2\/posts\/114050\/revisions"}],"wp:featuredmedia":[{"embeddable":true,"href":"https:\/\/ucnoqta.az\/index.php?rest_route=\/wp\/v2\/media\/251278"}],"wp:attachment":[{"href":"https:\/\/ucnoqta.az\/index.php?rest_route=%2Fwp%2Fv2%2Fmedia&parent=114050"}],"wp:term":[{"taxonomy":"category","embeddable":true,"href":"https:\/\/ucnoqta.az\/index.php?rest_route=%2Fwp%2Fv2%2Fcategories&post=114050"},{"taxonomy":"post_tag","embeddable":true,"href":"https:\/\/ucnoqta.az\/index.php?rest_route=%2Fwp%2Fv2%2Ftags&post=114050"}],"curies":[{"name":"wp","href":"https:\/\/api.w.org\/{rel}","templated":true}]}}