{"id":114047,"date":"2021-03-02T14:34:47","date_gmt":"2021-03-02T10:34:47","guid":{"rendered":""},"modified":"-0001-11-30T00:00:00","modified_gmt":"-0001-11-29T20:00:00","slug":"","status":"publish","type":"post","link":"https:\/\/ucnoqta.az\/?p=114047","title":{"rendered":"&#8220;Art\u0131m g\u00fcn\u00fc-g\u00fcnd\u0259n \u00e7oxal\u0131r, qapanmalara qay\u0131daca\u011f\u0131q&#8221;- <font color=red><b>Deputat<\/b><\/font>"},"content":{"rendered":"<p>Mill\u0259t v\u0259kili Arzu Na\u011f\u0131yev pandemiya il\u0259 \u0259laq\u0259li olaraq \u00f6lk\u0259d\u0259 Novruz bayram\u0131ndan \u00f6nc\u0259 qapanman\u0131n g\u00f6zl\u0259nildiyini bildirib.<\/p>\n<p>Ucnoqta.az x\u0259b\u0259r verir ki, Redaktor.az-a a\u00e7\u0131qlama ver\u0259n A.Na\u011f\u0131yev v\u0259ziyy\u0259t bel\u0259 davam ets\u0259 karantin qaydalar\u0131n\u0131n yenid\u0259n s\u0259rtl\u0259\u015fdirilm\u0259sinin vacib oldu\u011funu vur\u011fulay\u0131b:<\/p>\n<p>\u201cCOVID-19 pandemiyas\u0131 il\u0259 m\u00fcbariz\u0259d\u0259 bizim bir ne\u00e7\u0259 yolumuz var, bunlar sosial m\u0259saf\u0259ni saxlamaq, maskadan istifad\u0259 etm\u0259k, gigiyenan\u0131n qorunmas\u0131 v\u0259 vaksinasiya olunmaq. \u00dcmumi testl\u0259rin v\u0259 yoluxanlar\u0131n say\u0131na baxsaq g\u00f6r\u0259rik ki, h\u0259l\u0259 tam \u015f\u0259kild\u0259 bu prosesin sona \u00e7atmas\u0131 yax\u0131n zamanda g\u00f6zl\u0259nilmir. Bu g\u00fcn problem var, art\u0131m g\u00fcn\u00fc-g\u00fcnd\u0259n \u00e7oxal\u0131r. Bel\u0259 gets\u0259 d\u00fc\u015f\u00fcn\u00fcr\u0259m ki, qapanmalara qay\u0131daca\u011f\u0131q&#8221;.<\/p>\n<p>Mill\u0259t v\u0259kili Bak\u0131 metropoliteninin a\u00e7\u0131lmas\u0131 m\u0259s\u0259l\u0259sin\u0259 d\u0259 toxunub:<\/p>\n<p>\u201c\u0130nsanlardan \u00e7ox \u015fey as\u0131l\u0131d\u0131r, h\u0259r bir v\u0259t\u0259nda\u015f ciddi \u015f\u0259kild\u0259 sadalad\u0131\u011f\u0131m\u0131z \u00fc\u00e7 m\u0259s\u0259l\u0259y\u0259 riay\u0259t ets\u0259, niy\u0259 d\u0259 metro a\u00e7\u0131lmas\u0131n?! Amma b\u0259zi insanlar var ki, h\u0259l\u0259 d\u0259 bigan\u0259 yana\u015f\u0131rlar. T\u0259ss\u00fcfl\u0259r olsun ki, bu g\u00fcn vaksinl\u0259\u015fm\u0259y\u0259 bel\u0259 inanmayanlar var\u201d.<\/p>\n","protected":false},"excerpt":{"rendered":"<p>Mill\u0259t v\u0259kili Arzu Na\u011f\u0131yev pandemiya il\u0259 \u0259laq\u0259li olaraq \u00f6lk\u0259d\u0259 Novruz bayram\u0131ndan \u00f6nc\u0259 qapanman\u0131n g\u00f6zl\u0259nildiyini bildirib. Ucnoqta.az x\u0259b\u0259r verir ki, Redaktor.az-a a\u00e7\u0131qlama ver\u0259n A.Na\u011f\u0131yev v\u0259ziyy\u0259t bel\u0259 davam ets\u0259 karantin qaydalar\u0131n\u0131n yenid\u0259n&hellip;<\/p>\n","protected":false},"author":1,"featured_media":251278,"comment_status":"open","ping_status":"open","sticky":false,"template":"","format":"standard","meta":{"_lmt_disableupdate":"","_lmt_disable":"","footnotes":""},"categories":[],"tags":[],"class_list":["post-114047","post","type-post","status-publish","format-standard","has-post-thumbnail","hentry"],"_links":{"self":[{"href":"https:\/\/ucnoqta.az\/index.php?rest_route=\/wp\/v2\/posts\/114047","targetHints":{"allow":["GET"]}}],"collection":[{"href":"https:\/\/ucnoqta.az\/index.php?rest_route=\/wp\/v2\/posts"}],"about":[{"href":"https:\/\/ucnoqta.az\/index.php?rest_route=\/wp\/v2\/types\/post"}],"author":[{"embeddable":true,"href":"https:\/\/ucnoqta.az\/index.php?rest_route=\/wp\/v2\/users\/1"}],"replies":[{"embeddable":true,"href":"https:\/\/ucnoqta.az\/index.php?rest_route=%2Fwp%2Fv2%2Fcomments&post=114047"}],"version-history":[{"count":0,"href":"https:\/\/ucnoqta.az\/index.php?rest_route=\/wp\/v2\/posts\/114047\/revisions"}],"wp:featuredmedia":[{"embeddable":true,"href":"https:\/\/ucnoqta.az\/index.php?rest_route=\/wp\/v2\/media\/251278"}],"wp:attachment":[{"href":"https:\/\/ucnoqta.az\/index.php?rest_route=%2Fwp%2Fv2%2Fmedia&parent=114047"}],"wp:term":[{"taxonomy":"category","embeddable":true,"href":"https:\/\/ucnoqta.az\/index.php?rest_route=%2Fwp%2Fv2%2Fcategories&post=114047"},{"taxonomy":"post_tag","embeddable":true,"href":"https:\/\/ucnoqta.az\/index.php?rest_route=%2Fwp%2Fv2%2Ftags&post=114047"}],"curies":[{"name":"wp","href":"https:\/\/api.w.org\/{rel}","templated":true}]}}