{"id":114039,"date":"2021-03-02T12:39:59","date_gmt":"2021-03-02T08:39:59","guid":{"rendered":""},"modified":"-0001-11-30T00:00:00","modified_gmt":"-0001-11-29T20:00:00","slug":"","status":"publish","type":"post","link":"https:\/\/ucnoqta.az\/?p=114039","title":{"rendered":"Az\u0259rbaycan telekanallar\u0131 v\u0259 radiolar\u0131na <font color=red><b>QADA\u011eA<\/b><\/font>"},"content":{"rendered":"<p>Az\u0259rbaycan telekanallar\u0131 v\u0259 radiolar\u0131 bu il ke\u00e7iril\u0259c\u0259k \u201cFormula-1\u201d \u00fc\u00e7\u00fcn media akkreditasiyas\u0131ndan ke\u00e7\u0259 bilm\u0259y\u0259c\u0259k. <\/p>\n<p>Oxu.Az-\u0131n x\u0259b\u0259rin\u0259 g\u00f6r\u0259, buna s\u0259b\u0259b yar\u0131\u015f\u0131n pandemiya \u015f\u0259raitind\u0259 ke\u00e7irilm\u0259sidir. <\/p>\n<p>Qeyd ed\u0259k ki, yaln\u0131z media akkreditasiyas\u0131ndan yay\u0131m h\u00fcququ olan AzTV-y\u0259 (\u201c\u0130dman TV\u201d) akkreditasiya veril\u0259c\u0259k. Bundan ba\u015fqa, yerli v\u0259 xarici yaz\u0131l\u0131 K\u0130V n\u00fcmay\u0259nd\u0259l\u0259rinin say\u0131nda da azalmalar olacaq. Burada \u0259vv\u0259ll\u0259r \u201cFormula-1\u201d \u00fc\u00e7\u00fcn akkreditasiya alm\u0131\u015f yerli saytlara \u00fcst\u00fcnl\u00fck veril\u0259c\u0259k. <\/p>\n<p>4-6 iyun tarixl\u0259rind\u0259 ke\u00e7iril\u0259c\u0259k yar\u0131\u015f \u00fc\u00e7\u00fcn t\u0259xmin\u0259n 50-d\u0259n \u00e7ox yerli media n\u00fcmay\u0259nd\u0259si qeydiyyatdan ke\u00e7\u0259 bil\u0259c\u0259k. \u00dcmumilikd\u0259 is\u0259 150-d\u0259n \u00e7ox yerli v\u0259 xarici media n\u00fcmay\u0259nd\u0259sinin qeydiyyat\u0131na icaz\u0259 veril\u0259c\u0259k.<\/p>\n<p>Qeyd ed\u0259k ki, media akkreditasiya prosesi bug\u00fcnd\u0259n ba\u015flay\u0131b v\u0259 mart\u0131n 20-d\u0259k davam ed\u0259c\u0259k.<\/p>\n","protected":false},"excerpt":{"rendered":"<p>Az\u0259rbaycan telekanallar\u0131 v\u0259 radiolar\u0131 bu il ke\u00e7iril\u0259c\u0259k \u201cFormula-1\u201d \u00fc\u00e7\u00fcn media akkreditasiyas\u0131ndan ke\u00e7\u0259 bilm\u0259y\u0259c\u0259k. Oxu.Az-\u0131n x\u0259b\u0259rin\u0259 g\u00f6r\u0259, buna s\u0259b\u0259b yar\u0131\u015f\u0131n pandemiya \u015f\u0259raitind\u0259 ke\u00e7irilm\u0259sidir. Qeyd ed\u0259k ki, yaln\u0131z media akkreditasiyas\u0131ndan yay\u0131m h\u00fcququ&hellip;<\/p>\n","protected":false},"author":1,"featured_media":251278,"comment_status":"open","ping_status":"open","sticky":false,"template":"","format":"standard","meta":{"_lmt_disableupdate":"","_lmt_disable":"","footnotes":""},"categories":[],"tags":[],"class_list":["post-114039","post","type-post","status-publish","format-standard","has-post-thumbnail","hentry"],"_links":{"self":[{"href":"https:\/\/ucnoqta.az\/index.php?rest_route=\/wp\/v2\/posts\/114039","targetHints":{"allow":["GET"]}}],"collection":[{"href":"https:\/\/ucnoqta.az\/index.php?rest_route=\/wp\/v2\/posts"}],"about":[{"href":"https:\/\/ucnoqta.az\/index.php?rest_route=\/wp\/v2\/types\/post"}],"author":[{"embeddable":true,"href":"https:\/\/ucnoqta.az\/index.php?rest_route=\/wp\/v2\/users\/1"}],"replies":[{"embeddable":true,"href":"https:\/\/ucnoqta.az\/index.php?rest_route=%2Fwp%2Fv2%2Fcomments&post=114039"}],"version-history":[{"count":0,"href":"https:\/\/ucnoqta.az\/index.php?rest_route=\/wp\/v2\/posts\/114039\/revisions"}],"wp:featuredmedia":[{"embeddable":true,"href":"https:\/\/ucnoqta.az\/index.php?rest_route=\/wp\/v2\/media\/251278"}],"wp:attachment":[{"href":"https:\/\/ucnoqta.az\/index.php?rest_route=%2Fwp%2Fv2%2Fmedia&parent=114039"}],"wp:term":[{"taxonomy":"category","embeddable":true,"href":"https:\/\/ucnoqta.az\/index.php?rest_route=%2Fwp%2Fv2%2Fcategories&post=114039"},{"taxonomy":"post_tag","embeddable":true,"href":"https:\/\/ucnoqta.az\/index.php?rest_route=%2Fwp%2Fv2%2Ftags&post=114039"}],"curies":[{"name":"wp","href":"https:\/\/api.w.org\/{rel}","templated":true}]}}