{"id":114029,"date":"2021-03-02T11:00:05","date_gmt":"2021-03-02T07:00:05","guid":{"rendered":""},"modified":"-0001-11-30T00:00:00","modified_gmt":"-0001-11-29T20:00:00","slug":"","status":"publish","type":"post","link":"https:\/\/ucnoqta.az\/?p=114029","title":{"rendered":"T\u0259hsil Nazirliyind\u0259n m\u0259kt\u0259bl\u0259rd\u0259 pul y\u0131\u011f\u0131lmas\u0131 il\u0259 ba\u011fl\u0131 ictimaiyy\u0259t\u0259<font color=red><b> M\u00dcRAC\u0130\u018fT<\/b><\/font>"},"content":{"rendered":"<p><strong>T\u0259hsil Nazirliyi 8 Mart &#8211; Beyn\u0259lxalq Qad\u0131nlar G&uuml;n&uuml; m&uuml;nasib\u0259til\u0259 m\u0259kt\u0259bl\u0259rd\u0259 \u015fagird v\u0259 valideynl\u0259rd\u0259n pul y\u0131\u011f\u0131lmas\u0131 il\u0259 ba\u011fl\u0131 sosial \u015f\u0259b\u0259k\u0259l\u0259rd\u0259 yay\u0131lan m\u0259lumatlara m&uuml;nasib\u0259t bildirib.<\/strong><\/p>\n<p>Nazirlikd\u0259n&nbsp;bildirilib ki, bu v\u0259 ya dig\u0259r hallarla ba\u011fl\u0131 qurumun &ldquo;Qaynar x\u0259tt&rdquo; xidm\u0259tin\u0259 (146-1) v\u0259 yaxud&nbsp;office@edu.gov.az&nbsp;elektron po&ccedil;t &uuml;nvan\u0131na anonim olmadan m&uuml;raci\u0259t edil\u0259 bil\u0259r.<\/p>\n<p>&quot;T\u0259hsil Nazirliyi qar\u015f\u0131dan g\u0259l\u0259n 8 Mart &#8211; Beyn\u0259lxalq Qad\u0131nlar G&uuml;n&uuml; m&uuml;nasib\u0259til\u0259 b&uuml;t&uuml;n xan\u0131mlar\u0131 t\u0259brik edir. Bu g&uuml;n pedaqoji hey\u0259timizin b&ouml;y&uuml;k \u0259ks\u0259riyy\u0259tini t\u0259\u015fkil ed\u0259n xan\u0131m m&uuml;\u0259lliml\u0259rimizin, h\u0259m d\u0259 f\u0259dakar ana kimi V\u0259t\u0259n m&uuml;harib\u0259sind\u0259 i\u015ftirak etmi\u015f q\u0259hr\u0259man &ouml;vladlar\u0131n yeti\u015fm\u0259sind\u0259 rolu dan\u0131lmazd\u0131r.<\/p>\n<p>Bayram m&uuml;nasib\u0259til\u0259 xo\u015fag\u0259lm\u0259z hallara qar\u015f\u0131 m&uuml;\u0259lliml\u0259r, valideynl\u0259r v\u0259 &uuml;mumilikd\u0259, c\u0259miyy\u0259t olaraq birg\u0259 m&uuml;bariz\u0259 aparmal\u0131, d\u0259y\u0259rl\u0259rimizi qorumal\u0131 v\u0259 g\u0259l\u0259c\u0259k n\u0259sill\u0259r\u0259 &ccedil;atd\u0131rmal\u0131y\u0131q&quot;, &#8211; nazirlik bildirib.<\/p>\n","protected":false},"excerpt":{"rendered":"<p>T\u0259hsil Nazirliyi 8 Mart &#8211; Beyn\u0259lxalq Qad\u0131nlar G&uuml;n&uuml; m&uuml;nasib\u0259til\u0259 m\u0259kt\u0259bl\u0259rd\u0259 \u015fagird v\u0259 valideynl\u0259rd\u0259n pul y\u0131\u011f\u0131lmas\u0131 il\u0259 ba\u011fl\u0131 sosial \u015f\u0259b\u0259k\u0259l\u0259rd\u0259 yay\u0131lan m\u0259lumatlara m&uuml;nasib\u0259t bildirib. Nazirlikd\u0259n&nbsp;bildirilib ki, bu v\u0259 ya dig\u0259r hallarla&hellip;<\/p>\n","protected":false},"author":1,"featured_media":251278,"comment_status":"open","ping_status":"open","sticky":false,"template":"","format":"standard","meta":{"_lmt_disableupdate":"","_lmt_disable":"","footnotes":""},"categories":[],"tags":[],"class_list":["post-114029","post","type-post","status-publish","format-standard","has-post-thumbnail","hentry"],"_links":{"self":[{"href":"https:\/\/ucnoqta.az\/index.php?rest_route=\/wp\/v2\/posts\/114029","targetHints":{"allow":["GET"]}}],"collection":[{"href":"https:\/\/ucnoqta.az\/index.php?rest_route=\/wp\/v2\/posts"}],"about":[{"href":"https:\/\/ucnoqta.az\/index.php?rest_route=\/wp\/v2\/types\/post"}],"author":[{"embeddable":true,"href":"https:\/\/ucnoqta.az\/index.php?rest_route=\/wp\/v2\/users\/1"}],"replies":[{"embeddable":true,"href":"https:\/\/ucnoqta.az\/index.php?rest_route=%2Fwp%2Fv2%2Fcomments&post=114029"}],"version-history":[{"count":0,"href":"https:\/\/ucnoqta.az\/index.php?rest_route=\/wp\/v2\/posts\/114029\/revisions"}],"wp:featuredmedia":[{"embeddable":true,"href":"https:\/\/ucnoqta.az\/index.php?rest_route=\/wp\/v2\/media\/251278"}],"wp:attachment":[{"href":"https:\/\/ucnoqta.az\/index.php?rest_route=%2Fwp%2Fv2%2Fmedia&parent=114029"}],"wp:term":[{"taxonomy":"category","embeddable":true,"href":"https:\/\/ucnoqta.az\/index.php?rest_route=%2Fwp%2Fv2%2Fcategories&post=114029"},{"taxonomy":"post_tag","embeddable":true,"href":"https:\/\/ucnoqta.az\/index.php?rest_route=%2Fwp%2Fv2%2Ftags&post=114029"}],"curies":[{"name":"wp","href":"https:\/\/api.w.org\/{rel}","templated":true}]}}