{"id":114027,"date":"2021-03-02T10:49:46","date_gmt":"2021-03-02T06:49:46","guid":{"rendered":""},"modified":"-0001-11-30T00:00:00","modified_gmt":"-0001-11-29T20:00:00","slug":"","status":"publish","type":"post","link":"https:\/\/ucnoqta.az\/?p=114027","title":{"rendered":"Q\u0259tl t\u00f6r\u0259dib qa\u00e7an g\u0259nc tutuldu"},"content":{"rendered":"<p><strong>Bak\u0131n\u0131n X\u0259tai rayonunda q\u0259tl t&ouml;r\u0259d\u0259n \u015f\u0259xs tutulub.<\/strong><\/p>\n<p>Mart\u0131n 1-d\u0259 X\u0259tai rayonu, N.Tusi k&uuml;&ccedil;\u0259si 18 &uuml;nvan\u0131nda yerl\u0259\u015f\u0259n binan\u0131n qar\u015f\u0131s\u0131nda 1999-cu il t\u0259v\u0259ll&uuml;dl&uuml;&nbsp;N\u0259sibov B\u0259xtiyar \u018fli o\u011flu&nbsp;q\u0259tl\u0259 yetirilib.<\/p>\n<p>Apar\u0131lm\u0131\u015f ilkin ara\u015fd\u0131rmalarla Bak\u0131 \u015f\u0259h\u0259r sakini, 2002-ci il t\u0259v\u0259ll&uuml;dl&uuml;&nbsp;Abbasov \u018fli Allahverdi o\u011flunun \u015f\u0259xsi m&uuml;nasib\u0259tl\u0259r z\u0259minind\u0259 aralar\u0131nda yaranm\u0131\u015f m&uuml;bahis\u0259 zaman\u0131 B\u0259xtiyar N\u0259sibovun d&ouml;\u015f q\u0259f\u0259sinin sol nahiy\u0259sin\u0259 k\u0259sici-de\u015fici al\u0259tl\u0259 x\u0259sar\u0259t yetir\u0259r\u0259k sonuncunu q\u0259sd\u0259n &ouml;ld&uuml;rm\u0259sin\u0259 \u0259sasl\u0131 \u015f&uuml;bh\u0259l\u0259r m&uuml;\u0259yy\u0259n edilib.<\/p>\n<p>Faktla ba\u011fl\u0131 X\u0259tai rayon Prokurorlu\u011funda Cinay\u0259t M\u0259c\u0259ll\u0259sinin 120.1-ci (q\u0259sd\u0259n adam&ouml;ld&uuml;rm\u0259) madd\u0259si il\u0259 cinay\u0259t i\u015fi ba\u015flan\u0131l\u0131b, m&uuml;vafiq ekspertizalar t\u0259yin edilib.<\/p>\n<p>Q\u0259tli t&ouml;r\u0259tmi\u015f&nbsp;\u018fli Abbasov&nbsp;tutulub.<\/p>\n<p>Rayon prokurorlu\u011funda istintaq h\u0259r\u0259k\u0259tl\u0259ri davam etdirilir.<\/p>\n","protected":false},"excerpt":{"rendered":"<p>Bak\u0131n\u0131n X\u0259tai rayonunda q\u0259tl t&ouml;r\u0259d\u0259n \u015f\u0259xs tutulub. Mart\u0131n 1-d\u0259 X\u0259tai rayonu, N.Tusi k&uuml;&ccedil;\u0259si 18 &uuml;nvan\u0131nda yerl\u0259\u015f\u0259n binan\u0131n qar\u015f\u0131s\u0131nda 1999-cu il t\u0259v\u0259ll&uuml;dl&uuml;&nbsp;N\u0259sibov B\u0259xtiyar \u018fli o\u011flu&nbsp;q\u0259tl\u0259 yetirilib. Apar\u0131lm\u0131\u015f ilkin ara\u015fd\u0131rmalarla Bak\u0131 \u015f\u0259h\u0259r&hellip;<\/p>\n","protected":false},"author":1,"featured_media":251278,"comment_status":"open","ping_status":"open","sticky":false,"template":"","format":"standard","meta":{"_lmt_disableupdate":"","_lmt_disable":"","footnotes":""},"categories":[],"tags":[],"class_list":["post-114027","post","type-post","status-publish","format-standard","has-post-thumbnail","hentry"],"_links":{"self":[{"href":"https:\/\/ucnoqta.az\/index.php?rest_route=\/wp\/v2\/posts\/114027","targetHints":{"allow":["GET"]}}],"collection":[{"href":"https:\/\/ucnoqta.az\/index.php?rest_route=\/wp\/v2\/posts"}],"about":[{"href":"https:\/\/ucnoqta.az\/index.php?rest_route=\/wp\/v2\/types\/post"}],"author":[{"embeddable":true,"href":"https:\/\/ucnoqta.az\/index.php?rest_route=\/wp\/v2\/users\/1"}],"replies":[{"embeddable":true,"href":"https:\/\/ucnoqta.az\/index.php?rest_route=%2Fwp%2Fv2%2Fcomments&post=114027"}],"version-history":[{"count":0,"href":"https:\/\/ucnoqta.az\/index.php?rest_route=\/wp\/v2\/posts\/114027\/revisions"}],"wp:featuredmedia":[{"embeddable":true,"href":"https:\/\/ucnoqta.az\/index.php?rest_route=\/wp\/v2\/media\/251278"}],"wp:attachment":[{"href":"https:\/\/ucnoqta.az\/index.php?rest_route=%2Fwp%2Fv2%2Fmedia&parent=114027"}],"wp:term":[{"taxonomy":"category","embeddable":true,"href":"https:\/\/ucnoqta.az\/index.php?rest_route=%2Fwp%2Fv2%2Fcategories&post=114027"},{"taxonomy":"post_tag","embeddable":true,"href":"https:\/\/ucnoqta.az\/index.php?rest_route=%2Fwp%2Fv2%2Ftags&post=114027"}],"curies":[{"name":"wp","href":"https:\/\/api.w.org\/{rel}","templated":true}]}}