{"id":114025,"date":"2021-03-02T10:35:05","date_gmt":"2021-03-02T06:35:05","guid":{"rendered":""},"modified":"-0001-11-30T00:00:00","modified_gmt":"-0001-11-29T20:00:00","slug":"","status":"publish","type":"post","link":"https:\/\/ucnoqta.az\/?p=114025","title":{"rendered":"Bak\u0131ya g\u0259lm\u0259k \u00fc\u00e7\u00fcn \u0259yl\u0259\u015fdiyi taksid\u0259n q\u0131z\u0131l o\u011furlayan tutuldu"},"content":{"rendered":"<p><strong>\u015e\u0259mkird\u0259 avtomobild\u0259n q\u0131z\u0131l-zin\u0259t \u0259\u015fyalar\u0131 o\u011furlamaqda \u015f&uuml;bh\u0259li bilin\u0259n \u015f\u0259xs saxlan\u0131l\u0131b.&nbsp;<\/strong><\/p>\n<p>Daxili \u0130\u015fl\u0259r Nazirliyinin M\u0259tbuat xidm\u0259tinin G\u0259nc\u0259 regional qrupundan veril\u0259n m\u0259lumata g&ouml;r\u0259, apar\u0131lan ara\u015fd\u0131rmalarla m&uuml;\u0259yy\u0259n edilib ki, \u015e\u0259mkir rayon sakini&nbsp;\u0130ntiqam Yusifov \u015e\u0259mkir rayonundan Bak\u0131 \u015f\u0259h\u0259rin\u0259 getm\u0259k &uuml;&ccedil;&uuml;n m&uuml;\u015ft\u0259ri qismind\u0259 \u0259yl\u0259\u015fdiyi taksinin K&uuml;rd\u0259mir rayonunda q\u0131sa fasil\u0259 zaman\u0131 s&uuml;r&uuml;c&uuml;s&uuml;n&uuml;n olmamas\u0131ndan istifad\u0259 ed\u0259r\u0259k, avtomobild\u0259 olan 57 qram &ccedil;\u0259kid\u0259 m&uuml;xt\u0259lif n&ouml;v q\u0131z\u0131l-zin\u0259t \u0259\u015fyalar\u0131n\u0131 o\u011furlay\u0131b.<\/p>\n<p>\u015e&uuml;bh\u0259li \u015f\u0259xs saxlan\u0131laraq istintaqa t\u0259hvil verilib. Dindirilm\u0259 zaman\u0131 \u0130. Yusifov t&ouml;r\u0259tdiyi o\u011furluq hadis\u0259sini etiraf ed\u0259r\u0259k o\u011furlad\u0131\u011f\u0131 \u0259\u015fyalar\u0131 Bak\u0131 \u015f\u0259h\u0259rind\u0259 satd\u0131\u011f\u0131n\u0131 v\u0259 \u0259ld\u0259 etdiyi 3000 manatdan &ccedil;ox pulu avtomobil icar\u0259y\u0259 g&ouml;t&uuml;r\u0259r\u0259k m&uuml;xt\u0259lif n&ouml;v \u0259yl\u0259nc\u0259l\u0259r\u0259 x\u0259rcl\u0259diyini bildirib.<\/p>\n<p>Faktla ba\u011fl\u0131 ara\u015fd\u0131rma apar\u0131l\u0131r.<\/p>\n<p>&nbsp;<\/p>\n","protected":false},"excerpt":{"rendered":"<p>\u015e\u0259mkird\u0259 avtomobild\u0259n q\u0131z\u0131l-zin\u0259t \u0259\u015fyalar\u0131 o\u011furlamaqda \u015f&uuml;bh\u0259li bilin\u0259n \u015f\u0259xs saxlan\u0131l\u0131b.&nbsp; Daxili \u0130\u015fl\u0259r Nazirliyinin M\u0259tbuat xidm\u0259tinin G\u0259nc\u0259 regional qrupundan veril\u0259n m\u0259lumata g&ouml;r\u0259, apar\u0131lan ara\u015fd\u0131rmalarla m&uuml;\u0259yy\u0259n edilib ki, \u015e\u0259mkir rayon sakini&nbsp;\u0130ntiqam Yusifov \u015e\u0259mkir&hellip;<\/p>\n","protected":false},"author":1,"featured_media":251278,"comment_status":"open","ping_status":"open","sticky":false,"template":"","format":"standard","meta":{"_lmt_disableupdate":"","_lmt_disable":"","footnotes":""},"categories":[],"tags":[],"class_list":["post-114025","post","type-post","status-publish","format-standard","has-post-thumbnail","hentry"],"_links":{"self":[{"href":"https:\/\/ucnoqta.az\/index.php?rest_route=\/wp\/v2\/posts\/114025","targetHints":{"allow":["GET"]}}],"collection":[{"href":"https:\/\/ucnoqta.az\/index.php?rest_route=\/wp\/v2\/posts"}],"about":[{"href":"https:\/\/ucnoqta.az\/index.php?rest_route=\/wp\/v2\/types\/post"}],"author":[{"embeddable":true,"href":"https:\/\/ucnoqta.az\/index.php?rest_route=\/wp\/v2\/users\/1"}],"replies":[{"embeddable":true,"href":"https:\/\/ucnoqta.az\/index.php?rest_route=%2Fwp%2Fv2%2Fcomments&post=114025"}],"version-history":[{"count":0,"href":"https:\/\/ucnoqta.az\/index.php?rest_route=\/wp\/v2\/posts\/114025\/revisions"}],"wp:featuredmedia":[{"embeddable":true,"href":"https:\/\/ucnoqta.az\/index.php?rest_route=\/wp\/v2\/media\/251278"}],"wp:attachment":[{"href":"https:\/\/ucnoqta.az\/index.php?rest_route=%2Fwp%2Fv2%2Fmedia&parent=114025"}],"wp:term":[{"taxonomy":"category","embeddable":true,"href":"https:\/\/ucnoqta.az\/index.php?rest_route=%2Fwp%2Fv2%2Fcategories&post=114025"},{"taxonomy":"post_tag","embeddable":true,"href":"https:\/\/ucnoqta.az\/index.php?rest_route=%2Fwp%2Fv2%2Ftags&post=114025"}],"curies":[{"name":"wp","href":"https:\/\/api.w.org\/{rel}","templated":true}]}}