{"id":114024,"date":"2021-03-02T10:28:14","date_gmt":"2021-03-02T06:28:14","guid":{"rendered":""},"modified":"-0001-11-30T00:00:00","modified_gmt":"-0001-11-29T20:00:00","slug":"","status":"publish","type":"post","link":"https:\/\/ucnoqta.az\/?p=114024","title":{"rendered":"\u0130randa 4 n\u0259f\u0259r edam olunub"},"content":{"rendered":"<p><strong>\u0130randa d&ouml;vl\u0259t\u0259 qar\u015f\u0131 qiyam qald\u0131rmaqda ittiham olunan&nbsp;4&nbsp;n\u0259f\u0259r edam edilib.<\/strong><\/p>\n<p>&ldquo;Report&rdquo;&nbsp;&ldquo;TRT Haber&rdquo;\u0259 istinad\u0259n x\u0259b\u0259r verir ki, \u0130ran m\u0259hk\u0259m\u0259si &ouml;lk\u0259nin \u0130nsan H&uuml;quqlar\u0131 M&uuml;dafi\u0259 Agentliyinin (HRANA) f\u0259allar\u0131 Casim Heyd\u0259ri, \u018fli Hosarci, H&uuml;seyn Silavi, Nasir Nafacian bar\u0259sind\u0259 &ouml;l&uuml;m h&ouml;km&uuml; verib.<\/p>\n<p>H&ouml;km Xuzistan \u0259yal\u0259tinin \u018fhvaz \u015f\u0259h\u0259rind\u0259ki Sepida h\u0259bsxanas\u0131nda icra olunub.<\/p>\n<p>Onlar 2017-ci ild\u0259 \u018fhvazda iki polis m\u0259nt\u0259q\u0259sin\u0259 h&uuml;cum etm\u0259kd\u0259 ittiham olunublar. M\u0259lumata g&ouml;r\u0259, Casim Heyd\u0259ri, \u018fli Hosarci, H&uuml;seyn Silavi bu il yanvar\u0131n 28-d\u0259 edam edil\u0259n \u018fli Matiri il\u0259 g&ouml;r&uuml;\u015f&uuml;n qada\u011fan edilm\u0259sin\u0259 v\u0259 h\u0259bsxana r\u0259hb\u0259rliyinin onunla pis r\u0259ftar\u0131na etiraz olaraq dodaqlar\u0131n\u0131 tikmi\u015fdil\u0259r.<\/p>\n<p>\u0130ran\u0131n t\u0259hl&uuml;k\u0259sizlik orqanlar\u0131na yax\u0131n m\u0259nb\u0259l\u0259r b\u0259zi K\u0130V t\u0259msil&ccedil;il\u0259rin\u0259 bildirib ki, yuxar\u0131da adlar\u0131 qeyd olunan 4 n\u0259f\u0259r &ldquo;terror&ccedil;u f\u0259aliyy\u0259tin\u0259&rdquo; g&ouml;r\u0259 edam olunublar.<\/p>\n<p>\u0130ran\u0131n \u0130RNA d&ouml;vl\u0259t agentliyinin m\u0259lumat\u0131na \u0259sas\u0259n, Casim Heyd\u0259ri, \u018fli Hosarci, H&uuml;seyn Silavi v\u0259 Nasir Nafacian \u018fhvaz Milli Dir\u0259ni\u015f (M&uuml;qavim\u0259t) T\u0259\u015fkilat\u0131 ad\u0131 alt\u0131nda f\u0259aliyy\u0259t g&ouml;st\u0259r\u0259n \u018fl-\u018fhvaziyy\u0259 (\u018fhvaz Azadl\u0131qsev\u0259r \u018fr\u0259b H\u0259r\u0259kat\u0131) qrupla\u015fmas\u0131n\u0131n &ldquo;\u0259sas kadrlar\u0131&rdquo; say\u0131l\u0131rlar. Onlar\u0131n Suriyada f\u0259aliyy\u0259t g&ouml;st\u0259r\u0259n &ldquo;\u018fl-Nusra&rdquo; qrupla\u015fmas\u0131 il\u0259 \u0259laq\u0259si oldu\u011fu iddia olunur.<\/p>\n","protected":false},"excerpt":{"rendered":"<p>\u0130randa d&ouml;vl\u0259t\u0259 qar\u015f\u0131 qiyam qald\u0131rmaqda ittiham olunan&nbsp;4&nbsp;n\u0259f\u0259r edam edilib. &ldquo;Report&rdquo;&nbsp;&ldquo;TRT Haber&rdquo;\u0259 istinad\u0259n x\u0259b\u0259r verir ki, \u0130ran m\u0259hk\u0259m\u0259si &ouml;lk\u0259nin \u0130nsan H&uuml;quqlar\u0131 M&uuml;dafi\u0259 Agentliyinin (HRANA) f\u0259allar\u0131 Casim Heyd\u0259ri, \u018fli Hosarci, H&uuml;seyn Silavi,&hellip;<\/p>\n","protected":false},"author":1,"featured_media":251278,"comment_status":"open","ping_status":"open","sticky":false,"template":"","format":"standard","meta":{"_lmt_disableupdate":"","_lmt_disable":"","footnotes":""},"categories":[89],"tags":[],"class_list":["post-114024","post","type-post","status-publish","format-standard","has-post-thumbnail","hentry","category-dunya-butun-xeberler"],"_links":{"self":[{"href":"https:\/\/ucnoqta.az\/index.php?rest_route=\/wp\/v2\/posts\/114024","targetHints":{"allow":["GET"]}}],"collection":[{"href":"https:\/\/ucnoqta.az\/index.php?rest_route=\/wp\/v2\/posts"}],"about":[{"href":"https:\/\/ucnoqta.az\/index.php?rest_route=\/wp\/v2\/types\/post"}],"author":[{"embeddable":true,"href":"https:\/\/ucnoqta.az\/index.php?rest_route=\/wp\/v2\/users\/1"}],"replies":[{"embeddable":true,"href":"https:\/\/ucnoqta.az\/index.php?rest_route=%2Fwp%2Fv2%2Fcomments&post=114024"}],"version-history":[{"count":0,"href":"https:\/\/ucnoqta.az\/index.php?rest_route=\/wp\/v2\/posts\/114024\/revisions"}],"wp:featuredmedia":[{"embeddable":true,"href":"https:\/\/ucnoqta.az\/index.php?rest_route=\/wp\/v2\/media\/251278"}],"wp:attachment":[{"href":"https:\/\/ucnoqta.az\/index.php?rest_route=%2Fwp%2Fv2%2Fmedia&parent=114024"}],"wp:term":[{"taxonomy":"category","embeddable":true,"href":"https:\/\/ucnoqta.az\/index.php?rest_route=%2Fwp%2Fv2%2Fcategories&post=114024"},{"taxonomy":"post_tag","embeddable":true,"href":"https:\/\/ucnoqta.az\/index.php?rest_route=%2Fwp%2Fv2%2Ftags&post=114024"}],"curies":[{"name":"wp","href":"https:\/\/api.w.org\/{rel}","templated":true}]}}