{"id":114020,"date":"2021-03-02T09:46:37","date_gmt":"2021-03-02T05:46:37","guid":{"rendered":""},"modified":"-0001-11-30T00:00:00","modified_gmt":"-0001-11-29T20:00:00","slug":"","status":"publish","type":"post","link":"https:\/\/ucnoqta.az\/?p=114020","title":{"rendered":"\u018frdo\u011fan Az\u0259rbaycanla T\u00fcrkiy\u0259 aras\u0131nda preferensial sazi\u015fi t\u0259sdiql\u0259yib"},"content":{"rendered":"<p><strong>T&uuml;rkiy\u0259 Prezidenti R\u0259c\u0259b Tayyib \u018frdo\u011fan &ldquo;Az\u0259rbaycan Respublikas\u0131 H&ouml;kum\u0259ti il\u0259 T&uuml;rkiy\u0259 Respublikas\u0131 H&ouml;kum\u0259ti aras\u0131nda Preferensial Ticar\u0259t Sazi\u015fi&rdquo;ni t\u0259sdiql\u0259yib.<\/strong><\/p>\n<p>Trend-in m\u0259lumat\u0131na g&ouml;r\u0259, R.T.\u018frdo\u011fan\u0131n imzalad\u0131\u011f\u0131 q\u0259rara \u0259sas\u0259n, sazi\u015f q&uuml;vv\u0259y\u0259 minib.<br \/>\nQeyd ed\u0259k ki, &ldquo;Az\u0259rbaycan Respublikas\u0131 H&ouml;kum\u0259ti il\u0259 T&uuml;rkiy\u0259 Respublikas\u0131 H&ouml;kum\u0259ti aras\u0131nda Preferensial Ticar\u0259t Sazi\u015fi&rdquo; 2020-ci ilin fevral\u0131n 25-d\u0259 Bak\u0131da imzalan\u0131b.<\/p>\n<p>Sazi\u015fd\u0259 15 mal qrupu &uuml;zr\u0259 h\u0259r iki &ouml;lk\u0259 aras\u0131nda h\u0259m kvota, h\u0259m d\u0259 r&uuml;sumun s\u0131f\u0131ra endirilm\u0259si \u0259ksini tap\u0131b.<\/p>\n","protected":false},"excerpt":{"rendered":"<p>T&uuml;rkiy\u0259 Prezidenti R\u0259c\u0259b Tayyib \u018frdo\u011fan &ldquo;Az\u0259rbaycan Respublikas\u0131 H&ouml;kum\u0259ti il\u0259 T&uuml;rkiy\u0259 Respublikas\u0131 H&ouml;kum\u0259ti aras\u0131nda Preferensial Ticar\u0259t Sazi\u015fi&rdquo;ni t\u0259sdiql\u0259yib. Trend-in m\u0259lumat\u0131na g&ouml;r\u0259, R.T.\u018frdo\u011fan\u0131n imzalad\u0131\u011f\u0131 q\u0259rara \u0259sas\u0259n, sazi\u015f q&uuml;vv\u0259y\u0259 minib. Qeyd ed\u0259k ki,&hellip;<\/p>\n","protected":false},"author":1,"featured_media":251278,"comment_status":"open","ping_status":"open","sticky":false,"template":"","format":"standard","meta":{"_lmt_disableupdate":"","_lmt_disable":"","footnotes":""},"categories":[89],"tags":[],"class_list":["post-114020","post","type-post","status-publish","format-standard","has-post-thumbnail","hentry","category-dunya-butun-xeberler"],"_links":{"self":[{"href":"https:\/\/ucnoqta.az\/index.php?rest_route=\/wp\/v2\/posts\/114020","targetHints":{"allow":["GET"]}}],"collection":[{"href":"https:\/\/ucnoqta.az\/index.php?rest_route=\/wp\/v2\/posts"}],"about":[{"href":"https:\/\/ucnoqta.az\/index.php?rest_route=\/wp\/v2\/types\/post"}],"author":[{"embeddable":true,"href":"https:\/\/ucnoqta.az\/index.php?rest_route=\/wp\/v2\/users\/1"}],"replies":[{"embeddable":true,"href":"https:\/\/ucnoqta.az\/index.php?rest_route=%2Fwp%2Fv2%2Fcomments&post=114020"}],"version-history":[{"count":0,"href":"https:\/\/ucnoqta.az\/index.php?rest_route=\/wp\/v2\/posts\/114020\/revisions"}],"wp:featuredmedia":[{"embeddable":true,"href":"https:\/\/ucnoqta.az\/index.php?rest_route=\/wp\/v2\/media\/251278"}],"wp:attachment":[{"href":"https:\/\/ucnoqta.az\/index.php?rest_route=%2Fwp%2Fv2%2Fmedia&parent=114020"}],"wp:term":[{"taxonomy":"category","embeddable":true,"href":"https:\/\/ucnoqta.az\/index.php?rest_route=%2Fwp%2Fv2%2Fcategories&post=114020"},{"taxonomy":"post_tag","embeddable":true,"href":"https:\/\/ucnoqta.az\/index.php?rest_route=%2Fwp%2Fv2%2Ftags&post=114020"}],"curies":[{"name":"wp","href":"https:\/\/api.w.org\/{rel}","templated":true}]}}