{"id":114015,"date":"2021-03-01T23:02:27","date_gmt":"2021-03-01T19:02:27","guid":{"rendered":""},"modified":"-0001-11-30T00:00:00","modified_gmt":"-0001-11-29T20:00:00","slug":"","status":"publish","type":"post","link":"https:\/\/ucnoqta.az\/?p=114015","title":{"rendered":"T\u00fcrkiy\u0259nin b\u0259zi vilay\u0259tl\u0259rind\u0259 komendant saat\u0131 l\u0259\u011fv olunub"},"content":{"rendered":"<p><strong>T&uuml;rkiy\u0259d\u0259 a\u015fa\u011f\u0131 v\u0259 orta yoluxma riski olan vilay\u0259tl\u0259rd\u0259 h\u0259ft\u0259 sonu komendant saat\u0131 tamamil\u0259 l\u0259\u011fv olunur.<\/strong><\/p>\n<p>Trend-in m\u0259lumat\u0131na g&ouml;r\u0259, bu bar\u0259d\u0259 T&uuml;rkiy\u0259 Nazirl\u0259r Kabinetinin iclas\u0131nda &ouml;lk\u0259 prezidenti R\u0259c\u0259b Tayyib \u018frdo\u011fan bildirib.<\/p>\n<p>\u018frdo\u011fan eyni zamanda, y&uuml;ks\u0259k v\u0259 &ccedil;ox y&uuml;ks\u0259k yoluxma riski olan vilay\u0259tl\u0259rd\u0259 komendant saat\u0131n\u0131n q&uuml;vv\u0259d\u0259 qalaca\u011f\u0131n\u0131 da qeyd edib. Komendant saat\u0131 &ouml;lk\u0259 daxilind\u0259 21:00-dan s\u0259h\u0259r 5:00-a q\u0259d\u0259r q&uuml;vv\u0259d\u0259 olacaq.<\/p>\n<p>D&ouml;vl\u0259t ba\u015f&ccedil;\u0131s\u0131, h\u0259m&ccedil;inin bildirib ki, m\u0259kt\u0259bl\u0259rd\u0259, m\u0259kt\u0259b\u0259q\u0259d\u0259r t\u0259hsil m&uuml;\u0259ssis\u0259l\u0259rind\u0259, el\u0259c\u0259 d\u0259 8 v\u0259 12-ci sinifl\u0259rd\u0259 t\u0259dris b\u0259rpa olunacaq.<\/p>\n<p>T&uuml;rkiy\u0259 prezidenti, restoran, yem\u0259kxana v\u0259 bufetl\u0259rin yoluxma riski &ccedil;ox y&uuml;ks\u0259k olan vilay\u0259tl\u0259r xaricind\u0259 onlar\u0131n 50-d\u0259n &ccedil;ox olmayaraq dolmas\u0131 \u015f\u0259rti il\u0259 saat 07:00-dan 19: 00-d\u0259k f\u0259aliyy\u0259tini davam etdir\u0259 bil\u0259c\u0259yini deyib.<\/p>\n","protected":false},"excerpt":{"rendered":"<p>T&uuml;rkiy\u0259d\u0259 a\u015fa\u011f\u0131 v\u0259 orta yoluxma riski olan vilay\u0259tl\u0259rd\u0259 h\u0259ft\u0259 sonu komendant saat\u0131 tamamil\u0259 l\u0259\u011fv olunur. Trend-in m\u0259lumat\u0131na g&ouml;r\u0259, bu bar\u0259d\u0259 T&uuml;rkiy\u0259 Nazirl\u0259r Kabinetinin iclas\u0131nda &ouml;lk\u0259 prezidenti R\u0259c\u0259b Tayyib \u018frdo\u011fan bildirib.&hellip;<\/p>\n","protected":false},"author":1,"featured_media":251278,"comment_status":"open","ping_status":"open","sticky":false,"template":"","format":"standard","meta":{"_lmt_disableupdate":"","_lmt_disable":"","footnotes":""},"categories":[89],"tags":[],"class_list":["post-114015","post","type-post","status-publish","format-standard","has-post-thumbnail","hentry","category-dunya-butun-xeberler"],"_links":{"self":[{"href":"https:\/\/ucnoqta.az\/index.php?rest_route=\/wp\/v2\/posts\/114015","targetHints":{"allow":["GET"]}}],"collection":[{"href":"https:\/\/ucnoqta.az\/index.php?rest_route=\/wp\/v2\/posts"}],"about":[{"href":"https:\/\/ucnoqta.az\/index.php?rest_route=\/wp\/v2\/types\/post"}],"author":[{"embeddable":true,"href":"https:\/\/ucnoqta.az\/index.php?rest_route=\/wp\/v2\/users\/1"}],"replies":[{"embeddable":true,"href":"https:\/\/ucnoqta.az\/index.php?rest_route=%2Fwp%2Fv2%2Fcomments&post=114015"}],"version-history":[{"count":0,"href":"https:\/\/ucnoqta.az\/index.php?rest_route=\/wp\/v2\/posts\/114015\/revisions"}],"wp:featuredmedia":[{"embeddable":true,"href":"https:\/\/ucnoqta.az\/index.php?rest_route=\/wp\/v2\/media\/251278"}],"wp:attachment":[{"href":"https:\/\/ucnoqta.az\/index.php?rest_route=%2Fwp%2Fv2%2Fmedia&parent=114015"}],"wp:term":[{"taxonomy":"category","embeddable":true,"href":"https:\/\/ucnoqta.az\/index.php?rest_route=%2Fwp%2Fv2%2Fcategories&post=114015"},{"taxonomy":"post_tag","embeddable":true,"href":"https:\/\/ucnoqta.az\/index.php?rest_route=%2Fwp%2Fv2%2Ftags&post=114015"}],"curies":[{"name":"wp","href":"https:\/\/api.w.org\/{rel}","templated":true}]}}