{"id":114013,"date":"2021-03-01T22:32:07","date_gmt":"2021-03-01T18:32:07","guid":{"rendered":""},"modified":"-0001-11-30T00:00:00","modified_gmt":"-0001-11-29T20:00:00","slug":"","status":"publish","type":"post","link":"https:\/\/ucnoqta.az\/?p=114013","title":{"rendered":"\u201cG\u0259lin, 100-c\u00fc ilimiz\u0259 yeni konstitusiya il\u0259 daxil olaq\u201d- <font color=red><b>\u018frdo\u011fan<\/b><\/font>"},"content":{"rendered":"<p><strong>T&uuml;rkiy\u0259d\u0259 Prezident R\u0259c\u0259b Tayyib \u018frdo\u011fan\u0131n s\u0259drliyi il\u0259 h&ouml;kum\u0259tin iclas\u0131 ke&ccedil;irilib.<\/strong><\/p>\n<p>&ldquo;Haber Global&rdquo;\u0131n m\u0259lumat\u0131na g&ouml;r\u0259, toplant\u0131dan sonra media m\u0259nsublar\u0131na a&ccedil;\u0131qlama ver\u0259n d&ouml;vl\u0259t ba\u015f&ccedil;\u0131s\u0131 bir s\u0131ra yenilikl\u0259rin anonsunu edib.<\/p>\n<p>28 fevral v\u0259&nbsp;27 may d&ouml;vl\u0259t &ccedil;evrili\u015fl\u0259rind\u0259n dan\u0131\u015fan \u018frdo\u011fan bel\u0259 hallara bir daha yol verm\u0259m\u0259k &uuml;&ccedil;&uuml;n T&uuml;rkiy\u0259 Respublikas\u0131n\u0131n &ouml;z 100 illiyin\u0259 yeni konstitusiya il\u0259 daxil olmas\u0131n\u0131n vacibliyini vur\u011fulay\u0131b.<\/p>\n<p>Prezident sabah h&ouml;kum\u0259t t\u0259r\u0259find\u0259n \u0130nsan H&uuml;quqlar\u0131na dair F\u0259aliyy\u0259t Plan\u0131n\u0131 ictimaiyy\u0259t\u0259 a&ccedil;\u0131qlayacaqlar\u0131n\u0131 b\u0259yan edib v\u0259 s\u0259n\u0259din 9 \u0259sas b&ouml;lm\u0259d\u0259n ibar\u0259t olmas\u0131n\u0131n anonsunu verib.&nbsp;<br \/>\nR.T.\u018frdo\u011fan h\u0259m&ccedil;inin 2020-ci ild\u0259 d&uuml;nya miqyas\u0131ndak\u0131 sosial v\u0259 iqtisadi &ccedil;\u0259tinlikl\u0259r\u0259 baxmayaraq, T&uuml;rkiy\u0259 iqtisadiyyat\u0131n\u0131n 1.8 faizlik art\u0131\u0131m n&uuml;mayi\u015f etdirm\u0259sini h&ouml;kum\u0259tin \u0259n b&ouml;y&uuml;k u\u011furlar\u0131ndan biri olaraq d\u0259y\u0259rl\u0259ndirib.<\/p>\n<p>Bununla yana\u015f\u0131, d&ouml;vl\u0259t ba\u015f&ccedil;\u0131s\u0131 h\u0259ft\u0259 sonlar\u0131 T&uuml;rkiy\u0259nin b\u0259zi \u015f\u0259h\u0259rl\u0259rind\u0259 k&uuml;&ccedil;\u0259y\u0259 &ccedil;\u0131xma qada\u011fas\u0131n\u0131n l\u0259\u011fv olundu\u011funu da bildirib. \/\/\/oxu.az<\/p>\n","protected":false},"excerpt":{"rendered":"<p>T&uuml;rkiy\u0259d\u0259 Prezident R\u0259c\u0259b Tayyib \u018frdo\u011fan\u0131n s\u0259drliyi il\u0259 h&ouml;kum\u0259tin iclas\u0131 ke&ccedil;irilib. &ldquo;Haber Global&rdquo;\u0131n m\u0259lumat\u0131na g&ouml;r\u0259, toplant\u0131dan sonra media m\u0259nsublar\u0131na a&ccedil;\u0131qlama ver\u0259n d&ouml;vl\u0259t ba\u015f&ccedil;\u0131s\u0131 bir s\u0131ra yenilikl\u0259rin anonsunu edib. 28 fevral v\u0259&nbsp;27&hellip;<\/p>\n","protected":false},"author":1,"featured_media":251278,"comment_status":"open","ping_status":"open","sticky":false,"template":"","format":"standard","meta":{"_lmt_disableupdate":"","_lmt_disable":"","footnotes":""},"categories":[89],"tags":[],"class_list":["post-114013","post","type-post","status-publish","format-standard","has-post-thumbnail","hentry","category-dunya-butun-xeberler"],"_links":{"self":[{"href":"https:\/\/ucnoqta.az\/index.php?rest_route=\/wp\/v2\/posts\/114013","targetHints":{"allow":["GET"]}}],"collection":[{"href":"https:\/\/ucnoqta.az\/index.php?rest_route=\/wp\/v2\/posts"}],"about":[{"href":"https:\/\/ucnoqta.az\/index.php?rest_route=\/wp\/v2\/types\/post"}],"author":[{"embeddable":true,"href":"https:\/\/ucnoqta.az\/index.php?rest_route=\/wp\/v2\/users\/1"}],"replies":[{"embeddable":true,"href":"https:\/\/ucnoqta.az\/index.php?rest_route=%2Fwp%2Fv2%2Fcomments&post=114013"}],"version-history":[{"count":0,"href":"https:\/\/ucnoqta.az\/index.php?rest_route=\/wp\/v2\/posts\/114013\/revisions"}],"wp:featuredmedia":[{"embeddable":true,"href":"https:\/\/ucnoqta.az\/index.php?rest_route=\/wp\/v2\/media\/251278"}],"wp:attachment":[{"href":"https:\/\/ucnoqta.az\/index.php?rest_route=%2Fwp%2Fv2%2Fmedia&parent=114013"}],"wp:term":[{"taxonomy":"category","embeddable":true,"href":"https:\/\/ucnoqta.az\/index.php?rest_route=%2Fwp%2Fv2%2Fcategories&post=114013"},{"taxonomy":"post_tag","embeddable":true,"href":"https:\/\/ucnoqta.az\/index.php?rest_route=%2Fwp%2Fv2%2Ftags&post=114013"}],"curies":[{"name":"wp","href":"https:\/\/api.w.org\/{rel}","templated":true}]}}