{"id":114009,"date":"2021-03-01T21:07:31","date_gmt":"2021-03-01T17:07:31","guid":{"rendered":""},"modified":"-0001-11-30T00:00:00","modified_gmt":"-0001-11-29T20:00:00","slug":"","status":"publish","type":"post","link":"https:\/\/ucnoqta.az\/?p=114009","title":{"rendered":"BMT il\u0259 Az\u0259rbaycan aras\u0131nda \u00c7\u0259r\u00e7iv\u0259 S\u0259n\u0259di imzaland\u0131 &#8211; <font color=red><b>Foto<\/b><\/font>"},"content":{"rendered":"<p><strong>Mart\u0131n 1-d\u0259 Birl\u0259\u015fmi\u015f Mill\u0259tl\u0259r T\u0259\u015fkilat\u0131 (BMT) v\u0259 Az\u0259rbaycan H&ouml;kum\u0259ti aras\u0131nda 2021-2025-ci ill\u0259r &uuml;&ccedil;&uuml;n Dayan\u0131ql\u0131 \u0130nki\u015faf &uuml;zr\u0259 \u018fm\u0259kda\u015fl\u0131\u011fa dair &Ccedil;\u0259r&ccedil;iv\u0259 S\u0259n\u0259di imzalan\u0131b. S\u0259n\u0259di Az\u0259rbaycan H&ouml;kum\u0259ti ad\u0131ndan iqtisadiyyat naziri Mikay\u0131l Cabbarov v\u0259 BMT-nin Az\u0259rbaycandak\u0131 rezident \u0259laq\u0259l\u0259ndiricisi Qulam \u0130shaqzai imzalay\u0131blar.<\/strong><\/p>\n<p>\u0130qtisadiyyat Nazirliyind\u0259n&nbsp;Ucnoqta.az-a bildirilib ki, u\u011furlu \u0259m\u0259kda\u015fl\u0131q n\u0259tic\u0259sind\u0259 indiy\u0259d\u0259k BMT il\u0259 Az\u0259rbaycan aras\u0131nda 4 &Ccedil;\u0259r&ccedil;iv\u0259 S\u0259n\u0259di icra edilib. S\u0259n\u0259dl\u0259rin davam\u0131 olaraq, &ldquo;2021-2025-ci ill\u0259r &uuml;&ccedil;&uuml;n BMT-Az\u0259rbaycan aras\u0131nda Dayan\u0131ql\u0131 \u0130nki\u015faf &uuml;zr\u0259 \u018fm\u0259kda\u015fl\u0131\u011fa dair &Ccedil;\u0259r&ccedil;iv\u0259 S\u0259n\u0259di&rdquo;nin haz\u0131rlanmas\u0131 il\u0259 ba\u011fl\u0131 q\u0259rar q\u0259bul edilib v\u0259 S\u0259n\u0259din \u0259sas prioritet istiqam\u0259tl\u0259ri m&uuml;\u0259yy\u0259n olunub. &Ccedil;\u0259r&ccedil;iv\u0259 S\u0259n\u0259di D\u0130M-l\u0259r\u0259 tam uy\u011fun olmaqla, he&ccedil; kimin k\u0259narda qalmamas\u0131, insan h&uuml;quqlar\u0131, gender b\u0259rab\u0259rliyi, dayan\u0131ql\u0131 inki\u015faf, davaml\u0131l\u0131q v\u0259 cavabdehlik prinsipl\u0259rin\u0259 \u0259saslan\u0131r v\u0259 \u0259razi b&uuml;t&ouml;vl&uuml;y&uuml;n&uuml; t\u0259min etmi\u015f &ouml;lk\u0259mizin b&uuml;t&uuml;n \u0259razisind\u0259 inkl&uuml;ziv olmaqla sosial-iqtisadi inki\u015faf prioritetl\u0259rini \u0259hat\u0259 ed\u0259c\u0259kdir.<\/p>\n<p>\u0130mzalanma m\u0259rasimind\u0259 &ccedil;\u0131x\u0131\u015f ed\u0259n iqtisadiyyat naziri Mikay\u0131l Cabbarov &ouml;lk\u0259mizin BMT-nin m&uuml;xt\u0259lif ixtisasla\u015fm\u0131\u015f qurumlar\u0131 il\u0259 s\u0259m\u0259r\u0259li \u0259m\u0259kda\u015fl\u0131q etdiyini, \u0259m\u0259kda\u015fl\u0131q &ccedil;\u0259r&ccedil;iv\u0259sind\u0259 bir s\u0131ra s\u0259n\u0259dl\u0259rin imzaland\u0131\u011f\u0131n\u0131 v\u0259 birg\u0259 layih\u0259l\u0259rin h\u0259yata ke&ccedil;irildiyini qeyd edib. Vur\u011fulan\u0131b ki, &Ccedil;\u0259r&ccedil;iv\u0259 S\u0259n\u0259dinin icras\u0131 &ouml;lk\u0259mizd\u0259 D\u0130M-l\u0259rin icras\u0131na, apar\u0131lan islahatlara v\u0259 &ldquo;Az\u0259rbaycan 2030: sosial-iqtisadi inki\u015fafa dair Milli Prioritetl\u0259r&rdquo;in realla\u015fd\u0131r\u0131lmas\u0131 istiqam\u0259tind\u0259 layih\u0259l\u0259rin h\u0259yata ke&ccedil;irilm\u0259sin\u0259, insan kapital\u0131n\u0131n inki\u015faf\u0131na t&ouml;hf\u0259 ver\u0259c\u0259kdir. Nazir i\u015f\u011faldan azad olunmu\u015f \u0259razil\u0259r\u0259 b&ouml;y&uuml;k qay\u0131d\u0131\u015f\u0131n realla\u015fd\u0131r\u0131lmas\u0131nda BMT-nin ixtisasla\u015fm\u0131\u015f qurumlar\u0131 il\u0259 \u0259m\u0259kda\u015fl\u0131\u011f\u0131n &ouml;n\u0259mli oldu\u011funu, art\u0131q bu istiqam\u0259td\u0259 m&uuml;vafiq add\u0131mlar\u0131n at\u0131ld\u0131\u011f\u0131n\u0131 diqq\u0259t\u0259 &ccedil;atd\u0131r\u0131b.<\/p>\n<p>BMT-nin Az\u0259rbaycanda rezident \u0259laq\u0259l\u0259ndiricisi Qulam \u0130shaqzai &Ccedil;\u0259r&ccedil;iv\u0259 S\u0259n\u0259dinin \u0259sas m\u0259qs\u0259dinin iqtisadiyyat\u0131n transformasiyas\u0131, \u0259halinin h\u0259ssas t\u0259b\u0259q\u0259l\u0259rinin ehtiyaclar\u0131n\u0131n qar\u015f\u0131lanmas\u0131nda, COVID-19 pandemiyas\u0131n\u0131n t\u0259sirl\u0259rinin minimalla\u015fd\u0131r\u0131lmas\u0131 v\u0259 m&uuml;naqi\u015f\u0259nin n\u0259tic\u0259l\u0259rinin aradan qald\u0131r\u0131lmas\u0131nda Az\u0259rbaycan H&ouml;kum\u0259tin\u0259 d\u0259st\u0259k g&ouml;st\u0259rilm\u0259si oldu\u011funu qeyd edib, S\u0259n\u0259din D\u0130M-l\u0259rin icras\u0131n\u0131n s&uuml;r\u0259tl\u0259ndirilm\u0259sind\u0259 rolunu vur\u011fulay\u0131b.<\/p>\n<p>\u0130mzalanmadan sonra iqtisadiyyat naziri Mikay\u0131l Cabbarov v\u0259 BMT-nin rezident \u0259laq\u0259l\u0259ndiricisi aras\u0131nda g&ouml;r&uuml;\u015f ke&ccedil;irilib, BMT-nin ixtisasla\u015fm\u0131\u015f qurumlar\u0131 il\u0259 \u0259m\u0259kda\u015fl\u0131\u011f\u0131n geni\u015fl\u0259ndirilm\u0259si perspektivl\u0259ri bar\u0259d\u0259 fikir m&uuml;badil\u0259si apar\u0131l\u0131b.<\/p>\n","protected":false},"excerpt":{"rendered":"<p>Mart\u0131n 1-d\u0259 Birl\u0259\u015fmi\u015f Mill\u0259tl\u0259r T\u0259\u015fkilat\u0131 (BMT) v\u0259 Az\u0259rbaycan H&ouml;kum\u0259ti aras\u0131nda 2021-2025-ci ill\u0259r &uuml;&ccedil;&uuml;n Dayan\u0131ql\u0131 \u0130nki\u015faf &uuml;zr\u0259 \u018fm\u0259kda\u015fl\u0131\u011fa dair &Ccedil;\u0259r&ccedil;iv\u0259 S\u0259n\u0259di imzalan\u0131b. S\u0259n\u0259di Az\u0259rbaycan H&ouml;kum\u0259ti ad\u0131ndan iqtisadiyyat naziri Mikay\u0131l Cabbarov v\u0259&hellip;<\/p>\n","protected":false},"author":1,"featured_media":251278,"comment_status":"open","ping_status":"open","sticky":false,"template":"","format":"standard","meta":{"_lmt_disableupdate":"","_lmt_disable":"","footnotes":""},"categories":[],"tags":[],"class_list":["post-114009","post","type-post","status-publish","format-standard","has-post-thumbnail","hentry"],"_links":{"self":[{"href":"https:\/\/ucnoqta.az\/index.php?rest_route=\/wp\/v2\/posts\/114009","targetHints":{"allow":["GET"]}}],"collection":[{"href":"https:\/\/ucnoqta.az\/index.php?rest_route=\/wp\/v2\/posts"}],"about":[{"href":"https:\/\/ucnoqta.az\/index.php?rest_route=\/wp\/v2\/types\/post"}],"author":[{"embeddable":true,"href":"https:\/\/ucnoqta.az\/index.php?rest_route=\/wp\/v2\/users\/1"}],"replies":[{"embeddable":true,"href":"https:\/\/ucnoqta.az\/index.php?rest_route=%2Fwp%2Fv2%2Fcomments&post=114009"}],"version-history":[{"count":0,"href":"https:\/\/ucnoqta.az\/index.php?rest_route=\/wp\/v2\/posts\/114009\/revisions"}],"wp:featuredmedia":[{"embeddable":true,"href":"https:\/\/ucnoqta.az\/index.php?rest_route=\/wp\/v2\/media\/251278"}],"wp:attachment":[{"href":"https:\/\/ucnoqta.az\/index.php?rest_route=%2Fwp%2Fv2%2Fmedia&parent=114009"}],"wp:term":[{"taxonomy":"category","embeddable":true,"href":"https:\/\/ucnoqta.az\/index.php?rest_route=%2Fwp%2Fv2%2Fcategories&post=114009"},{"taxonomy":"post_tag","embeddable":true,"href":"https:\/\/ucnoqta.az\/index.php?rest_route=%2Fwp%2Fv2%2Ftags&post=114009"}],"curies":[{"name":"wp","href":"https:\/\/api.w.org\/{rel}","templated":true}]}}