{"id":113996,"date":"2021-03-01T19:24:29","date_gmt":"2021-03-01T15:24:29","guid":{"rendered":""},"modified":"-0001-11-30T00:00:00","modified_gmt":"-0001-11-29T20:00:00","slug":"","status":"publish","type":"post","link":"https:\/\/ucnoqta.az\/?p=113996","title":{"rendered":"Luka\u015fenko o\u011flunu v\u0259zif\u0259d\u0259n azad edib"},"content":{"rendered":"<p>Belarus Prezidenti Aleksandr Luka\u015fenko b\u00f6y\u00fck o\u011flu Viktor Luka\u015fenkonu \u00f6z\u00fcn\u00fcn milli t\u0259hl\u00fck\u0259sizlik m\u0259s\u0259l\u0259l\u0259ri \u00fczr\u0259 k\u00f6m\u0259k\u00e7isi v\u0259zif\u0259sind\u0259n azad edib.<\/p>\n<p>APA-n\u0131n \u201cR\u0130A Novosti\u201dy\u0259 istinad\u0259n verdiyi x\u0259b\u0259r\u0259 g\u00f6r\u0259, bu bar\u0259d\u0259 bu g\u00fcn Belarus d\u00f6vl\u0259t ba\u015f\u00e7\u0131s\u0131n\u0131n m\u0259tbuat xidm\u0259ti m\u0259lumat yay\u0131b.<\/p>\n<p>V. Luka\u015fenko Belarus Milli Olimpiya Komit\u0259sinin prezidenti se\u00e7ildiyi \u00fc\u00e7\u00fcn yuxar\u0131da qeyd olunan v\u0259zif\u0259d\u0259n azad edilib.<\/p>\n<p>Qeyd ed\u0259k ki, V. Luka\u015fenko 26 fevralda Belarus Milli Olimpiya Komit\u0259sinin prezidenti se\u00e7ilib.<\/p>\n","protected":false},"excerpt":{"rendered":"<p>Belarus Prezidenti Aleksandr Luka\u015fenko b\u00f6y\u00fck o\u011flu Viktor Luka\u015fenkonu \u00f6z\u00fcn\u00fcn milli t\u0259hl\u00fck\u0259sizlik m\u0259s\u0259l\u0259l\u0259ri \u00fczr\u0259 k\u00f6m\u0259k\u00e7isi v\u0259zif\u0259sind\u0259n azad edib. APA-n\u0131n \u201cR\u0130A Novosti\u201dy\u0259 istinad\u0259n verdiyi x\u0259b\u0259r\u0259 g\u00f6r\u0259, bu bar\u0259d\u0259 bu g\u00fcn Belarus d\u00f6vl\u0259t&hellip;<\/p>\n","protected":false},"author":1,"featured_media":251278,"comment_status":"open","ping_status":"open","sticky":false,"template":"","format":"standard","meta":{"_lmt_disableupdate":"","_lmt_disable":"","footnotes":""},"categories":[89],"tags":[],"class_list":["post-113996","post","type-post","status-publish","format-standard","has-post-thumbnail","hentry","category-dunya-butun-xeberler"],"_links":{"self":[{"href":"https:\/\/ucnoqta.az\/index.php?rest_route=\/wp\/v2\/posts\/113996","targetHints":{"allow":["GET"]}}],"collection":[{"href":"https:\/\/ucnoqta.az\/index.php?rest_route=\/wp\/v2\/posts"}],"about":[{"href":"https:\/\/ucnoqta.az\/index.php?rest_route=\/wp\/v2\/types\/post"}],"author":[{"embeddable":true,"href":"https:\/\/ucnoqta.az\/index.php?rest_route=\/wp\/v2\/users\/1"}],"replies":[{"embeddable":true,"href":"https:\/\/ucnoqta.az\/index.php?rest_route=%2Fwp%2Fv2%2Fcomments&post=113996"}],"version-history":[{"count":0,"href":"https:\/\/ucnoqta.az\/index.php?rest_route=\/wp\/v2\/posts\/113996\/revisions"}],"wp:featuredmedia":[{"embeddable":true,"href":"https:\/\/ucnoqta.az\/index.php?rest_route=\/wp\/v2\/media\/251278"}],"wp:attachment":[{"href":"https:\/\/ucnoqta.az\/index.php?rest_route=%2Fwp%2Fv2%2Fmedia&parent=113996"}],"wp:term":[{"taxonomy":"category","embeddable":true,"href":"https:\/\/ucnoqta.az\/index.php?rest_route=%2Fwp%2Fv2%2Fcategories&post=113996"},{"taxonomy":"post_tag","embeddable":true,"href":"https:\/\/ucnoqta.az\/index.php?rest_route=%2Fwp%2Fv2%2Ftags&post=113996"}],"curies":[{"name":"wp","href":"https:\/\/api.w.org\/{rel}","templated":true}]}}