{"id":113995,"date":"2021-03-01T19:17:55","date_gmt":"2021-03-01T15:17:55","guid":{"rendered":""},"modified":"-0001-11-30T00:00:00","modified_gmt":"-0001-11-29T20:00:00","slug":"","status":"publish","type":"post","link":"https:\/\/ucnoqta.az\/?p=113995","title":{"rendered":"\u0130cra ba\u015f\u00e7\u0131s\u0131 d\u00f6y\u00fc\u015f\u00e7\u00fcl\u0259rl\u0259 g\u00f6r\u00fc\u015f\u00fcb"},"content":{"rendered":"<p>Bu g\u00fcn \u0130smay\u0131ll\u0131 rayon \u0130cra Hakimiyy\u0259tinin ba\u015f\u00e7\u0131s\u0131 V\u0259t\u0259n m\u00fcharib\u0259sind\u0259 i\u015ftirak ed\u0259n bir qrup m\u00fcharib\u0259 i\u015ftirak\u00e7\u0131s\u0131 il\u0259 g\u00f6r\u00fc\u015f ke\u00e7irib.<\/p>\n<p>Ucnoqta.az x\u0259b\u0259r verir ki, \u0130cra ba\u015f\u00e7\u0131s\u0131 bildirib ki, r\u0259\u015fad\u0259tli Az\u0259rbaycan Ordusu Ali Ba\u015f Komandan \u0130lham \u018fliyevin u\u011furlu siyas\u0259ti v\u0259 q\u0259tiyy\u0259ti, h\u0259m\u00e7inin xalq\u0131m\u0131z\u0131n d\u0259st\u0259yi n\u0259tic\u0259sind\u0259 tarixi q\u0259l\u0259b\u0259y\u0259 imza atd\u0131. H\u0259m h\u0259rbi qulluq\u00e7ular\u0131m\u0131z, h\u0259m d\u0259 k\u00f6n\u00fcll\u00fc d\u00f6y\u00fc\u015fl\u0259r\u0259 yollanan igid o\u011fullar\u0131m\u0131z b\u00f6y\u00fck q\u0259hr\u0259manl\u0131q n\u00fcmayi\u015f etdirdil\u0259r. <\/p>\n<p>Az\u0259rbaycan Ordusu xalq\u0131m\u0131za \u015f\u0259r\u0259fli v\u0259 sevincli anlar ya\u015fatd\u0131. Q\u0259hr\u0259man o\u011fullar\u0131m\u0131z\u0131n qan\u0131, can\u0131 bahas\u0131na tarixi \u0259dal\u0259t b\u0259rpa olundu. <\/p>\n<p>V\u0259t\u0259n M\u00fcharib\u0259sinin i\u015ftirak\u00e7\u0131lar\u0131na g\u00f6st\u0259ril\u0259n d\u00f6vl\u0259t qay\u011f\u0131s\u0131 haqq\u0131nda \u0259trafl\u0131 m\u0259lumat ver\u0259n rayon r\u0259hb\u0259ri h\u0259mi\u015f\u0259 onlar\u0131n yan\u0131nda oldu\u011funu diqq\u0259t\u0259 \u00e7atd\u0131rm\u0131\u015fd\u0131r.<br \/>\nG\u00f6r\u00fc\u015f\u0259 g\u0259l\u0259n V\u0259t\u0259n m\u00fcharib\u0259si i\u015ftirak\u00e7\u0131lar\u0131 g\u00f6st\u0259ril\u0259n diqq\u0259t\u0259 g\u00f6r\u0259 \u00f6z t\u0259\u015f\u0259kk\u00fcrl\u0259rini bildirib, \u015fikay\u0259t v\u0259 t\u0259klifl\u0259rini s\u0259sl\u0259ndiribl\u0259r. <\/p>\n<p>M\u00fcraci\u0259tl\u0259r \u0259sas\u0259n i\u015fl\u0259 t\u0259minat v\u0259 dig\u0259r m\u0259s\u0259l\u0259l\u0259rl\u0259 ba\u011fl\u0131 olub. \u0130cra ba\u015f\u00e7\u0131s\u0131 m\u00fcharib\u0259 i\u015ftirak\u00e7\u0131lar\u0131n\u0131n qald\u0131rd\u0131qlar\u0131 m\u0259s\u0259l\u0259l\u0259rin h\u0259lli il\u0259 ba\u011fl\u0131 \u0130cra hakimiyy\u0259tinin s\u0259lahiyy\u0259tl\u0259ri \u00e7\u0259r\u00e7iv\u0259sind\u0259 h\u0259ll olunmas\u0131 \u00fc\u00e7\u00fcn m\u00fcvafiq tap\u015f\u0131r\u0131qlar vermi\u015fdir. <\/p>\n<p>Rayon \u0130cra hakimiyy\u0259ti olaraq yerli sahibkarlara v\u0259 i\u015f\u0259 g\u00f6t\u00fcr\u0259n t\u0259\u015fkilatlara da bildirm\u0259k ist\u0259yirik ki, vakansiya yaranarsa, \u015f\u0259hid v\u0259 qazi ail\u0259l\u0259rinin \u00fczvl\u0259rini, h\u0259m\u00e7inin, m\u00fcharib\u0259 i\u015ftirak\u00e7\u0131lar\u0131n\u0131 i\u015fl\u0259 t\u0259min olunmas\u0131nda k\u00f6m\u0259klik g\u00f6st\u0259rilsin.<\/p>\n","protected":false},"excerpt":{"rendered":"<p>Bu g\u00fcn \u0130smay\u0131ll\u0131 rayon \u0130cra Hakimiyy\u0259tinin ba\u015f\u00e7\u0131s\u0131 V\u0259t\u0259n m\u00fcharib\u0259sind\u0259 i\u015ftirak ed\u0259n bir qrup m\u00fcharib\u0259 i\u015ftirak\u00e7\u0131s\u0131 il\u0259 g\u00f6r\u00fc\u015f ke\u00e7irib. Ucnoqta.az x\u0259b\u0259r verir ki, \u0130cra ba\u015f\u00e7\u0131s\u0131 bildirib ki, r\u0259\u015fad\u0259tli Az\u0259rbaycan Ordusu Ali&hellip;<\/p>\n","protected":false},"author":1,"featured_media":251278,"comment_status":"open","ping_status":"open","sticky":false,"template":"","format":"standard","meta":{"_lmt_disableupdate":"","_lmt_disable":"","footnotes":""},"categories":[91],"tags":[],"class_list":["post-113995","post","type-post","status-publish","format-standard","has-post-thumbnail","hentry","category-olkeici"],"_links":{"self":[{"href":"https:\/\/ucnoqta.az\/index.php?rest_route=\/wp\/v2\/posts\/113995","targetHints":{"allow":["GET"]}}],"collection":[{"href":"https:\/\/ucnoqta.az\/index.php?rest_route=\/wp\/v2\/posts"}],"about":[{"href":"https:\/\/ucnoqta.az\/index.php?rest_route=\/wp\/v2\/types\/post"}],"author":[{"embeddable":true,"href":"https:\/\/ucnoqta.az\/index.php?rest_route=\/wp\/v2\/users\/1"}],"replies":[{"embeddable":true,"href":"https:\/\/ucnoqta.az\/index.php?rest_route=%2Fwp%2Fv2%2Fcomments&post=113995"}],"version-history":[{"count":0,"href":"https:\/\/ucnoqta.az\/index.php?rest_route=\/wp\/v2\/posts\/113995\/revisions"}],"wp:featuredmedia":[{"embeddable":true,"href":"https:\/\/ucnoqta.az\/index.php?rest_route=\/wp\/v2\/media\/251278"}],"wp:attachment":[{"href":"https:\/\/ucnoqta.az\/index.php?rest_route=%2Fwp%2Fv2%2Fmedia&parent=113995"}],"wp:term":[{"taxonomy":"category","embeddable":true,"href":"https:\/\/ucnoqta.az\/index.php?rest_route=%2Fwp%2Fv2%2Fcategories&post=113995"},{"taxonomy":"post_tag","embeddable":true,"href":"https:\/\/ucnoqta.az\/index.php?rest_route=%2Fwp%2Fv2%2Ftags&post=113995"}],"curies":[{"name":"wp","href":"https:\/\/api.w.org\/{rel}","templated":true}]}}