{"id":113992,"date":"2021-03-01T18:12:05","date_gmt":"2021-03-01T14:12:05","guid":{"rendered":""},"modified":"-0001-11-30T00:00:00","modified_gmt":"-0001-11-29T20:00:00","slug":"","status":"publish","type":"post","link":"https:\/\/ucnoqta.az\/?p=113992","title":{"rendered":"Bak\u0131da 22 ya\u015fl\u0131 g\u0259nc q\u0259tl\u0259 yetirildi"},"content":{"rendered":"<p><strong>Mart\u0131n 1-d\u0259 saat 13 rad\u0259l\u0259rind\u0259 paytaxt\u0131n X\u0259tai rayonu, N.Tusi k\u00fc\u00e7\u0259si 18 \u00fcnvan\u0131nda yerl\u0259\u015f\u0259n binan\u0131n qar\u015f\u0131s\u0131nda 1999-cu il t\u0259v\u0259ll\u00fcdl\u00fc N\u0259sibov B\u0259xtiyar \u018fli o\u011flunun \u00fcz\u0259rind\u0259 x\u0259sar\u0259t izl\u0259ri olan meyitinin a\u015fkar edilm\u0259si bar\u0259d\u0259 rayon prokurorlu\u011funa m\u0259lumat daxil olub.<\/strong><\/p>\n<p>X\u0259tai Rayon Prokurorlu\u011fundan Ucnoqta.az-a\u00a0veril\u0259n m\u0259lumata g\u00f6r\u0259, cinay\u0259t prosessual qanunvericiliyinin t\u0259l\u0259bl\u0259rin\u0259 \u0259sas\u0259n, prokurorluq \u0259m\u0259kda\u015flar\u0131 t\u0259r\u0259find\u0259n m\u0259hk\u0259m\u0259-tibb ekspertinin i\u015ftirak\u0131 il\u0259 hadis\u0259 yerin\u0259 v\u0259 meyit\u0259 bax\u0131\u015f ke\u00e7irilib, dig\u0259r prosessual h\u0259r\u0259k\u0259tl\u0259r yerin\u0259 yetirilib.<\/p>\n<p>Apar\u0131lm\u0131\u015f ilkin ara\u015fd\u0131rmalarla Bak\u0131 \u015f\u0259h\u0259r sakini 2002-ci il t\u0259v\u0259ll\u00fcdl\u00fc Abbasov \u018fli Allahverdi o\u011flunun \u015f\u0259xsi m\u00fcnasib\u0259tl\u0259r z\u0259minind\u0259 aralar\u0131nda yaranm\u0131\u015f m\u00fcbahis\u0259 zaman\u0131 B\u0259xtiyar N\u0259sibovun d\u00f6\u015f q\u0259f\u0259sinin sol nahiy\u0259sin\u0259 k\u0259sici-de\u015fici al\u0259tl\u0259 x\u0259sar\u0259t yetir\u0259r\u0259k sonuncunu q\u0259sd\u0259n \u00f6ld\u00fcrm\u0259sin\u0259 \u0259sasl\u0131 \u015f\u00fcbh\u0259l\u0259r m\u00fc\u0259yy\u0259n edilib.<\/p>\n<p>Faktla ba\u011fl\u0131 X\u0259tai rayon prokurorlu\u011funda Cinay\u0259t M\u0259c\u0259ll\u0259sinin 120.1-ci (q\u0259sd\u0259n adam \u00f6ld\u00fcrm\u0259) madd\u0259si il\u0259 cinay\u0259t i\u015fi ba\u015flan\u0131l\u0131b, m\u00fcvafiq ekspertizalar t\u0259yin edilib.<\/p>\n<p>Haz\u0131rda \u018fli Abbasovun yerinin m\u00fc\u0259yy\u0259n edil\u0259r\u0259k \u015f\u00fcbh\u0259li \u015f\u0259xs qismind\u0259 tutulmas\u0131 istiqam\u0259tind\u0259 intensiv \u0259m\u0259liyyat-axtar\u0131\u015f t\u0259dbirl\u0259ri v\u0259 istintaq h\u0259r\u0259k\u0259tl\u0259ri davam etdirilir.<\/p>\n","protected":false},"excerpt":{"rendered":"<p>Mart\u0131n 1-d\u0259 saat 13 rad\u0259l\u0259rind\u0259 paytaxt\u0131n X\u0259tai rayonu, N.Tusi k\u00fc\u00e7\u0259si 18 \u00fcnvan\u0131nda yerl\u0259\u015f\u0259n binan\u0131n qar\u015f\u0131s\u0131nda 1999-cu il t\u0259v\u0259ll\u00fcdl\u00fc N\u0259sibov B\u0259xtiyar \u018fli o\u011flunun \u00fcz\u0259rind\u0259 x\u0259sar\u0259t izl\u0259ri olan meyitinin a\u015fkar edilm\u0259si bar\u0259d\u0259&hellip;<\/p>\n","protected":false},"author":1,"featured_media":251278,"comment_status":"open","ping_status":"open","sticky":false,"template":"","format":"standard","meta":{"_lmt_disableupdate":"","_lmt_disable":"","footnotes":""},"categories":[],"tags":[],"class_list":["post-113992","post","type-post","status-publish","format-standard","has-post-thumbnail","hentry"],"_links":{"self":[{"href":"https:\/\/ucnoqta.az\/index.php?rest_route=\/wp\/v2\/posts\/113992","targetHints":{"allow":["GET"]}}],"collection":[{"href":"https:\/\/ucnoqta.az\/index.php?rest_route=\/wp\/v2\/posts"}],"about":[{"href":"https:\/\/ucnoqta.az\/index.php?rest_route=\/wp\/v2\/types\/post"}],"author":[{"embeddable":true,"href":"https:\/\/ucnoqta.az\/index.php?rest_route=\/wp\/v2\/users\/1"}],"replies":[{"embeddable":true,"href":"https:\/\/ucnoqta.az\/index.php?rest_route=%2Fwp%2Fv2%2Fcomments&post=113992"}],"version-history":[{"count":0,"href":"https:\/\/ucnoqta.az\/index.php?rest_route=\/wp\/v2\/posts\/113992\/revisions"}],"wp:featuredmedia":[{"embeddable":true,"href":"https:\/\/ucnoqta.az\/index.php?rest_route=\/wp\/v2\/media\/251278"}],"wp:attachment":[{"href":"https:\/\/ucnoqta.az\/index.php?rest_route=%2Fwp%2Fv2%2Fmedia&parent=113992"}],"wp:term":[{"taxonomy":"category","embeddable":true,"href":"https:\/\/ucnoqta.az\/index.php?rest_route=%2Fwp%2Fv2%2Fcategories&post=113992"},{"taxonomy":"post_tag","embeddable":true,"href":"https:\/\/ucnoqta.az\/index.php?rest_route=%2Fwp%2Fv2%2Ftags&post=113992"}],"curies":[{"name":"wp","href":"https:\/\/api.w.org\/{rel}","templated":true}]}}