{"id":113987,"date":"2021-03-01T17:15:47","date_gmt":"2021-03-01T13:15:47","guid":{"rendered":""},"modified":"-0001-11-30T00:00:00","modified_gmt":"-0001-11-29T20:00:00","slug":"","status":"publish","type":"post","link":"https:\/\/ucnoqta.az\/?p=113987","title":{"rendered":"&#8220;YA\u015eAT&#8221; Fondu \u00fc\u00e7 qazi il\u0259 ba\u011fl\u0131 a\u00e7\u0131qlama yay\u0131b"},"content":{"rendered":"<p><strong>&quot;Son g&uuml;nl\u0259r sosial \u015f\u0259b\u0259k\u0259l\u0259rd\u0259 qazil\u0259rimiz Cahangir \u018fliyev, H&uuml;seyn Mustafayev, S\u0259buhi H&uuml;seynli il\u0259 ba\u011fl\u0131 &ccedil;oxsayl\u0131 payla\u015f\u0131mlar edilir. Bildiririk ki, h\u0259r &uuml;&ccedil; qazimiz &ldquo;YA\u015eAT&rdquo; Fondunun diqq\u0259t m\u0259rk\u0259zind\u0259dir. H\u0259r birinin s\u0259hh\u0259tin\u0259 x&uuml;susi h\u0259ssasl\u0131qla yana\u015f\u0131l\u0131r&quot;.&nbsp;<\/strong><\/p>\n<p>Bu bar\u0259d\u0259 Fonddan&nbsp;veril\u0259n m\u0259lumatda bildirilir. Qeyd olunur ki, Cahangir \u018fliyevin ail\u0259si &ldquo;YA\u015eAT&rdquo; Fonduna qazinin m&uuml;alic\u0259sinin getdiyini, tibbi z\u0259rur\u0259tl\u0259 ba\u011fl\u0131 yox, maddi yard\u0131m ist\u0259diyini bildirib v\u0259 Fond t\u0259r\u0259find\u0259n se&ccedil;il\u0259n istiqam\u0259t &uuml;zr\u0259 ail\u0259y\u0259 maddi yard\u0131m edilib.<\/p>\n<p>&quot;Buna baxmayaraq qazimiz &ldquo;YA\u015eAT&rdquo; Fondunun t\u0259\u015f\u0259bb&uuml;s&uuml; il\u0259 T&uuml;rkiy\u0259d\u0259n v\u0259 \u0130sraild\u0259n d\u0259v\u0259t olunan h\u0259kim hey\u0259ti t\u0259r\u0259find\u0259n m&uuml;ayin\u0259 olunub. M&uuml;ayin\u0259 n\u0259tic\u0259l\u0259ri \u0259sas\u0131nda m&uuml;vafiq q\u0259rar q\u0259bul edil\u0259c\u0259k. Haz\u0131rda is\u0259 qazimizin Silahl\u0131 Q&uuml;vv\u0259l\u0259rin Ba\u015f Klinik Hospital\u0131nda m&uuml;alic\u0259si davam etdirilir.&nbsp;<\/p>\n<p>Qazimiz H&uuml;seyn Mustafayev T&uuml;rkiy\u0259d\u0259n d\u0259v\u0259t olunan h\u0259kim hey\u0259ti t\u0259r\u0259find\u0259n m&uuml;ayin\u0259 olunub v\u0259 h\u0259kim r\u0259yin\u0259 \u0259sas\u0259n xaric\u0259 t\u0259yyar\u0259 il\u0259 apar\u0131lmas\u0131 h\u0259yat\u0131 risk da\u015f\u0131y\u0131r. Ancaq ail\u0259si onun T&uuml;rkiy\u0259d\u0259 m&uuml;alic\u0259 olunmas\u0131nda israr&nbsp; etdiyi &uuml;&ccedil;&uuml;n ail\u0259nin m\u0259suliyy\u0259ti v\u0259 yaz\u0131l\u0131 raz\u0131l\u0131\u011f\u0131 \u0259sas\u0131nda qazimizin yax\u0131n g&uuml;nl\u0259rd\u0259 m&uuml;alic\u0259 v\u0259 reabilitasiya prosesi il\u0259 ba\u011fl\u0131 x&uuml;susi ambulans vasit\u0259sil\u0259 T&uuml;rkiy\u0259y\u0259 g&ouml;nd\u0259rilm\u0259si n\u0259z\u0259rd\u0259 tutulub.<\/p>\n<p>Qazimiz S\u0259buhi H&uuml;seynli T&uuml;rkiy\u0259d\u0259n d\u0259v\u0259t olunan h\u0259kim hey\u0259ti t\u0259r\u0259find\u0259n m&uuml;ayin\u0259 olunub v\u0259 h\u0259kim r\u0259yin\u0259 \u0259sas\u0259n h\u0259l\u0259 d\u0259 komada oldu\u011fundan m&uuml;alic\u0259 &uuml;&ccedil;&uuml;n xaric\u0259 g&ouml;nd\u0259rilm\u0259si &ccedil;ox riskli hesab olunur. Bu s\u0259b\u0259bd\u0259n qazimizin beyin \u0259m\u0259liyyat\u0131 &uuml;&ccedil;&uuml;n &quot;YA\u015eAT&quot; Fondu t\u0259r\u0259find\u0259n T&uuml;rkiy\u0259d\u0259n x&uuml;susi h\u0259kim g\u0259tiril\u0259c\u0259k&quot;, &#8211; dey\u0259 m\u0259lumatda vur\u011fulan\u0131r.<\/p>\n","protected":false},"excerpt":{"rendered":"<p>&quot;Son g&uuml;nl\u0259r sosial \u015f\u0259b\u0259k\u0259l\u0259rd\u0259 qazil\u0259rimiz Cahangir \u018fliyev, H&uuml;seyn Mustafayev, S\u0259buhi H&uuml;seynli il\u0259 ba\u011fl\u0131 &ccedil;oxsayl\u0131 payla\u015f\u0131mlar edilir. Bildiririk ki, h\u0259r &uuml;&ccedil; qazimiz &ldquo;YA\u015eAT&rdquo; Fondunun diqq\u0259t m\u0259rk\u0259zind\u0259dir. H\u0259r birinin s\u0259hh\u0259tin\u0259 x&uuml;susi h\u0259ssasl\u0131qla&hellip;<\/p>\n","protected":false},"author":1,"featured_media":251278,"comment_status":"open","ping_status":"open","sticky":false,"template":"","format":"standard","meta":{"_lmt_disableupdate":"","_lmt_disable":"","footnotes":""},"categories":[],"tags":[],"class_list":["post-113987","post","type-post","status-publish","format-standard","has-post-thumbnail","hentry"],"_links":{"self":[{"href":"https:\/\/ucnoqta.az\/index.php?rest_route=\/wp\/v2\/posts\/113987","targetHints":{"allow":["GET"]}}],"collection":[{"href":"https:\/\/ucnoqta.az\/index.php?rest_route=\/wp\/v2\/posts"}],"about":[{"href":"https:\/\/ucnoqta.az\/index.php?rest_route=\/wp\/v2\/types\/post"}],"author":[{"embeddable":true,"href":"https:\/\/ucnoqta.az\/index.php?rest_route=\/wp\/v2\/users\/1"}],"replies":[{"embeddable":true,"href":"https:\/\/ucnoqta.az\/index.php?rest_route=%2Fwp%2Fv2%2Fcomments&post=113987"}],"version-history":[{"count":0,"href":"https:\/\/ucnoqta.az\/index.php?rest_route=\/wp\/v2\/posts\/113987\/revisions"}],"wp:featuredmedia":[{"embeddable":true,"href":"https:\/\/ucnoqta.az\/index.php?rest_route=\/wp\/v2\/media\/251278"}],"wp:attachment":[{"href":"https:\/\/ucnoqta.az\/index.php?rest_route=%2Fwp%2Fv2%2Fmedia&parent=113987"}],"wp:term":[{"taxonomy":"category","embeddable":true,"href":"https:\/\/ucnoqta.az\/index.php?rest_route=%2Fwp%2Fv2%2Fcategories&post=113987"},{"taxonomy":"post_tag","embeddable":true,"href":"https:\/\/ucnoqta.az\/index.php?rest_route=%2Fwp%2Fv2%2Ftags&post=113987"}],"curies":[{"name":"wp","href":"https:\/\/api.w.org\/{rel}","templated":true}]}}