{"id":112283,"date":"2021-02-06T12:08:47","date_gmt":"2021-02-06T08:08:47","guid":{"rendered":""},"modified":"-0001-11-30T00:00:00","modified_gmt":"-0001-11-29T20:00:00","slug":"","status":"publish","type":"post","link":"https:\/\/ucnoqta.az\/?p=112283","title":{"rendered":"Sabah\u0131n havas\u0131 a\u00e7\u0131qlan\u0131b- <font color=red><b>k\u00fcl\u0259k \u0259s\u0259c\u0259k<\/b><\/font>"},"content":{"rendered":"<p><strong>Fevral\u0131n 7-d\u0259 g&ouml;zl\u0259nil\u0259n hava \u015f\u0259raiti a&ccedil;\u0131qlan\u0131b.<\/strong><\/p>\n<p>Milli Hidrometeorologiya Xidm\u0259tind\u0259n Ucnoqta.az-a veril\u0259n m\u0259lumata g&ouml;r\u0259, sabah Bak\u0131da v\u0259 Ab\u015feron yar\u0131madas\u0131nda hava \u015f\u0259raitinin d\u0259yi\u015fk\u0259n buludlu olaca\u011f\u0131, arabir tutulaca\u011f\u0131, \u0259sas\u0259n ya\u011fmursuz ke&ccedil;\u0259c\u0259yi g&ouml;zl\u0259nilir. Gec\u0259 v\u0259 s\u0259h\u0259r b\u0259zi yerl\u0259rd\u0259 duman olacaq.<\/p>\n<p>Arabir g&uuml;cl\u0259n\u0259n c\u0259nub-q\u0259rb k&uuml;l\u0259yi ax\u015fam m&uuml;layim \u015fimal-q\u0259rb k&uuml;l\u0259yi il\u0259 \u0259v\u0259z olunacaq. Havan\u0131n temperaturu Ab\u015feron yar\u0131madas\u0131nda gec\u0259 4-6 d\u0259r\u0259c\u0259 isti, g&uuml;nd&uuml;z 12-16, Bak\u0131da gec\u0259 4-6 d\u0259r\u0259c\u0259 isti, g&uuml;nd&uuml;z 14-16 d\u0259r\u0259c\u0259 isti olacaq.<\/p>\n<p>Fevral\u0131n 7-d\u0259 Az\u0259rbaycan\u0131n rayonlar\u0131nda hava \u015f\u0259raitinin \u0259sas\u0259n ya\u011fmursuz ke&ccedil;\u0259c\u0259yi, lakin ax\u015fam b\u0259zi \u015f\u0259rq rayonlar\u0131nda &ccedil;iskinli, ya\u011f\u0131nt\u0131l\u0131 olaca\u011f\u0131 ehtimal\u0131 var. Ayr\u0131-ayr\u0131 yerl\u0259rd\u0259 duman olacaq. Arabir g&uuml;cl\u0259n\u0259n q\u0259rb k&uuml;l\u0259yi \u0259s\u0259c\u0259k. Havan\u0131n temperaturu gec\u0259 3-7 d\u0259r\u0259c\u0259 isti, g&uuml;nd&uuml;z 13-18 d\u0259r\u0259c\u0259 isti, da\u011flarda gec\u0259 2 d\u0259r\u0259c\u0259 \u015faxtadan 3 d\u0259r\u0259c\u0259y\u0259d\u0259k isti, y&uuml;ks\u0259k da\u011fl\u0131q \u0259razil\u0259rd\u0259 6-8 d\u0259r\u0259c\u0259 \u015faxta, g&uuml;nd&uuml;z 6-11 d\u0259r\u0259c\u0259 isti olacaq.<\/p>\n<p>Fevral\u0131n 7-d\u0259 Bak\u0131da v\u0259 Ab\u015feron yar\u0131madas\u0131nda c\u0259nub-q\u0259rb k&uuml;l\u0259yinin ax\u015fam \u015fimal-q\u0259rb k&uuml;l\u0259yi il\u0259 \u0259v\u0259z olunaca\u011f\u0131, 15-18 m\/s, arabir 20-23 m\/s-d\u0259k g&uuml;cl\u0259n\u0259c\u0259yi g&ouml;zl\u0259nilir. Rayonlarda fevral\u0131n 7-d\u0259n 8-i s\u0259h\u0259r\u0259d\u0259k q\u0259rb k&uuml;l\u0259yinin arabir 15-20 m\/s, b\u0259zi yerl\u0259rd\u0259 arabir 23-25 m\/s-d\u0259k g&uuml;cl\u0259n\u0259c\u0259yi g&ouml;zl\u0259nilir.<\/p>\n<p>Tibbi-meteoroloji proqnoz<br \/>\nFevral\u0131n 7-d\u0259 Ab\u015feron yar\u0131madas\u0131nda m&uuml;layim gilavar k&uuml;l\u0259yinin arabir g&uuml;cl\u0259n\u0259c\u0259yi g&ouml;zl\u0259nilir ki, bu da b\u0259zi meteoh\u0259ssas insanlarda narahatl\u0131q hissi yarada bil\u0259r.<\/p>\n","protected":false},"excerpt":{"rendered":"<p>Fevral\u0131n 7-d\u0259 g&ouml;zl\u0259nil\u0259n hava \u015f\u0259raiti a&ccedil;\u0131qlan\u0131b. Milli Hidrometeorologiya Xidm\u0259tind\u0259n Ucnoqta.az-a veril\u0259n m\u0259lumata g&ouml;r\u0259, sabah Bak\u0131da v\u0259 Ab\u015feron yar\u0131madas\u0131nda hava \u015f\u0259raitinin d\u0259yi\u015fk\u0259n buludlu olaca\u011f\u0131, arabir tutulaca\u011f\u0131, \u0259sas\u0259n ya\u011fmursuz ke&ccedil;\u0259c\u0259yi g&ouml;zl\u0259nilir. Gec\u0259&hellip;<\/p>\n","protected":false},"author":1,"featured_media":251278,"comment_status":"open","ping_status":"open","sticky":false,"template":"","format":"standard","meta":{"_lmt_disableupdate":"","_lmt_disable":"","footnotes":""},"categories":[91],"tags":[],"class_list":["post-112283","post","type-post","status-publish","format-standard","has-post-thumbnail","hentry","category-olkeici"],"_links":{"self":[{"href":"https:\/\/ucnoqta.az\/index.php?rest_route=\/wp\/v2\/posts\/112283","targetHints":{"allow":["GET"]}}],"collection":[{"href":"https:\/\/ucnoqta.az\/index.php?rest_route=\/wp\/v2\/posts"}],"about":[{"href":"https:\/\/ucnoqta.az\/index.php?rest_route=\/wp\/v2\/types\/post"}],"author":[{"embeddable":true,"href":"https:\/\/ucnoqta.az\/index.php?rest_route=\/wp\/v2\/users\/1"}],"replies":[{"embeddable":true,"href":"https:\/\/ucnoqta.az\/index.php?rest_route=%2Fwp%2Fv2%2Fcomments&post=112283"}],"version-history":[{"count":0,"href":"https:\/\/ucnoqta.az\/index.php?rest_route=\/wp\/v2\/posts\/112283\/revisions"}],"wp:featuredmedia":[{"embeddable":true,"href":"https:\/\/ucnoqta.az\/index.php?rest_route=\/wp\/v2\/media\/251278"}],"wp:attachment":[{"href":"https:\/\/ucnoqta.az\/index.php?rest_route=%2Fwp%2Fv2%2Fmedia&parent=112283"}],"wp:term":[{"taxonomy":"category","embeddable":true,"href":"https:\/\/ucnoqta.az\/index.php?rest_route=%2Fwp%2Fv2%2Fcategories&post=112283"},{"taxonomy":"post_tag","embeddable":true,"href":"https:\/\/ucnoqta.az\/index.php?rest_route=%2Fwp%2Fv2%2Ftags&post=112283"}],"curies":[{"name":"wp","href":"https:\/\/api.w.org\/{rel}","templated":true}]}}