{"id":112275,"date":"2021-02-06T10:59:04","date_gmt":"2021-02-06T06:59:04","guid":{"rendered":""},"modified":"-0001-11-30T00:00:00","modified_gmt":"-0001-11-29T20:00:00","slug":"","status":"publish","type":"post","link":"https:\/\/ucnoqta.az\/?p=112275","title":{"rendered":"M\u0259kt\u0259b direktorlar\u0131 t\u0259ltif olunub- <font color=red><b>Foto<\/b><\/font>"},"content":{"rendered":"<p><strong>Bak\u0131 \u015e\u0259h\u0259ri &uuml;zr\u0259 T\u0259hsil \u0130dar\u0259si (B\u015eT\u0130) t\u0259r\u0259find\u0259n 24 n\u0259f\u0259r m\u0259kt\u0259b direktoru F\u0259xri F\u0259rmanla t\u0259ltif edilib.<\/strong><\/p>\n<p>B\u015eT\u0130-d\u0259n Ucnoqta.az-a veril\u0259n m\u0259lumata g&ouml;r\u0259, Bak\u0131 \u015e\u0259h\u0259ri &uuml;zr\u0259 T\u0259hsil \u0130dar\u0259sinin m&uuml;diri Mehriban V\u0259liyeva t\u0259ltif olunan m\u0259kt\u0259b direktorlar\u0131n\u0131 t\u0259brik edib,&nbsp;t\u0259hsil sah\u0259sind\u0259 apar\u0131lan islahatlardan, qazan\u0131lm\u0131\u015f u\u011furlar v\u0259&nbsp;perspektiv m\u0259s\u0259l\u0259l\u0259rd\u0259n,&nbsp;&ldquo;2020-2021-ci t\u0259dris ilind\u0259 &uuml;mumi t\u0259hsill\u0259 ba\u011fl\u0131 aktual m\u0259s\u0259l\u0259l\u0259r v\u0259 h\u0259d\u0259fl\u0259r bar\u0259d\u0259&rdquo; T\u0259hsil nazirinin \u0259mrind\u0259 m&uuml;\u0259yy\u0259n edilmi\u015f&nbsp;\u0259sas prioritet istiqam\u0259tl\u0259rd\u0259n s&ouml;z a&ccedil;\u0131b. \u0130dar\u0259 m&uuml;diri t\u0259drisin t\u0259\u015fkilind\u0259 m\u0259suliyy\u0259tin d&uuml;zg&uuml;n d\u0259y\u0259rl\u0259ndirilm\u0259sinin vacib oldu\u011funu vur\u011fulay\u0131b.<\/p>\n<p>M.V\u0259liyeva t\u0259hsil i\u015f&ccedil;il\u0259rinin bundan sonra da v\u0259zif\u0259l\u0259rinin &ouml;hd\u0259sind\u0259n layiqinc\u0259 g\u0259l\u0259c\u0259yin\u0259, g\u0259nc n\u0259slin bilikli, v\u0259t\u0259np\u0259rv\u0259rlik v\u0259 az\u0259rbaycan&ccedil;\u0131l\u0131q m\u0259fkur\u0259si ruhunda yeti\u015fdirilm\u0259sind\u0259 \u0259zmkarl\u0131qla &ccedil;al\u0131\u015facaqlar\u0131na inam\u0131n\u0131 ifad\u0259 edib.<\/p>\n<p>B\u015eT\u0130 m&uuml;diri t\u0259ltif olunan t\u0259hsil i\u015f&ccedil;il\u0259rin\u0259 s\u0259m\u0259r\u0259li&nbsp;f\u0259aliyy\u0259tl\u0259rin\u0259,&nbsp;t\u0259hsilin inki\u015faf\u0131ndak\u0131 xidm\u0259tl\u0259rin\u0259&nbsp;g&ouml;r\u0259 t\u0259\u015f\u0259kk&uuml;r&uuml;n&uuml; bildirib, onlara i\u015fl\u0259rind\u0259 u\u011furlar arzulay\u0131b.<br \/>\nM\u0259kt\u0259b direktorlar\u0131na&nbsp;F\u0259xri F\u0259rmanlar v\u0259 h\u0259diyy\u0259l\u0259r t\u0259qdim olunub.<\/p>\n<p>T\u0259ltif olunmu\u015f \u015f\u0259xsl\u0259r &ouml;z n&ouml;vb\u0259sind\u0259 onlar\u0131n \u0259m\u0259yin\u0259 veril\u0259n d\u0259y\u0259r\u0259 g&ouml;r\u0259 minn\u0259tdarl\u0131qlar\u0131n\u0131 bildirib v\u0259 bundan sonra da t\u0259hsil sah\u0259sind\u0259ki u\u011furlar\u0131n artaca\u011f\u0131na \u0259minlikl\u0259rini ifad\u0259 edibl\u0259r.<\/p>\n","protected":false},"excerpt":{"rendered":"<p>Bak\u0131 \u015e\u0259h\u0259ri &uuml;zr\u0259 T\u0259hsil \u0130dar\u0259si (B\u015eT\u0130) t\u0259r\u0259find\u0259n 24 n\u0259f\u0259r m\u0259kt\u0259b direktoru F\u0259xri F\u0259rmanla t\u0259ltif edilib. B\u015eT\u0130-d\u0259n Ucnoqta.az-a veril\u0259n m\u0259lumata g&ouml;r\u0259, Bak\u0131 \u015e\u0259h\u0259ri &uuml;zr\u0259 T\u0259hsil \u0130dar\u0259sinin m&uuml;diri Mehriban V\u0259liyeva t\u0259ltif olunan&hellip;<\/p>\n","protected":false},"author":1,"featured_media":251278,"comment_status":"open","ping_status":"open","sticky":false,"template":"","format":"standard","meta":{"_lmt_disableupdate":"","_lmt_disable":"","footnotes":""},"categories":[],"tags":[],"class_list":["post-112275","post","type-post","status-publish","format-standard","has-post-thumbnail","hentry"],"_links":{"self":[{"href":"https:\/\/ucnoqta.az\/index.php?rest_route=\/wp\/v2\/posts\/112275","targetHints":{"allow":["GET"]}}],"collection":[{"href":"https:\/\/ucnoqta.az\/index.php?rest_route=\/wp\/v2\/posts"}],"about":[{"href":"https:\/\/ucnoqta.az\/index.php?rest_route=\/wp\/v2\/types\/post"}],"author":[{"embeddable":true,"href":"https:\/\/ucnoqta.az\/index.php?rest_route=\/wp\/v2\/users\/1"}],"replies":[{"embeddable":true,"href":"https:\/\/ucnoqta.az\/index.php?rest_route=%2Fwp%2Fv2%2Fcomments&post=112275"}],"version-history":[{"count":0,"href":"https:\/\/ucnoqta.az\/index.php?rest_route=\/wp\/v2\/posts\/112275\/revisions"}],"wp:featuredmedia":[{"embeddable":true,"href":"https:\/\/ucnoqta.az\/index.php?rest_route=\/wp\/v2\/media\/251278"}],"wp:attachment":[{"href":"https:\/\/ucnoqta.az\/index.php?rest_route=%2Fwp%2Fv2%2Fmedia&parent=112275"}],"wp:term":[{"taxonomy":"category","embeddable":true,"href":"https:\/\/ucnoqta.az\/index.php?rest_route=%2Fwp%2Fv2%2Fcategories&post=112275"},{"taxonomy":"post_tag","embeddable":true,"href":"https:\/\/ucnoqta.az\/index.php?rest_route=%2Fwp%2Fv2%2Ftags&post=112275"}],"curies":[{"name":"wp","href":"https:\/\/api.w.org\/{rel}","templated":true}]}}