{"id":112272,"date":"2021-02-06T10:15:53","date_gmt":"2021-02-06T06:15:53","guid":{"rendered":""},"modified":"-0001-11-30T00:00:00","modified_gmt":"-0001-11-29T20:00:00","slug":"","status":"publish","type":"post","link":"https:\/\/ucnoqta.az\/?p=112272","title":{"rendered":"\u018frdo\u011fan az\u0259rbaycanl\u0131 alim\u0259 y\u00fcks\u0259k v\u0259zif\u0259 verdi- <font color=red><b>Foto<\/b><\/font>"},"content":{"rendered":"<p><strong>T&uuml;rkiy\u0259 prezidenti R\u0259c\u0259b Tayyib \u018frdo\u011fan bu &ouml;lk\u0259d\u0259 ya\u015fay\u0131b f\u0259aliyy\u0259t g&ouml;st\u0259r\u0259n az\u0259rbaycanl\u0131 alim Ayg&uuml;n Attara y&uuml;ks\u0259k v\u0259zif\u0259 verib.<\/strong><\/p>\n<p>D&ouml;vl\u0259t ba\u015f&ccedil;\u0131s\u0131n\u0131n m&uuml;vafiq q\u0259rar\u0131 &ldquo;Resmi Gazete&rdquo; d\u0259rc olunub.<br \/>\nQ\u0259rara \u0259sas\u0259n, professor A.Attar T&uuml;rkiy\u0259 Prezidenti Administrasiyas\u0131n\u0131n T\u0259hl&uuml;k\u0259sizlik v\u0259 Xarici Siyas\u0259t Komit\u0259sinin &uuml;zv&uuml; t\u0259yin edilib.<\/p>\n<p>Qeyd ed\u0259k ki, Ayg&uuml;n Attar 1962-ci ild\u0259 Qubadl\u0131 rayonunda anadan olub. O, 1986-c\u0131 ild\u0259 Bak\u0131 D&ouml;vl\u0259t Universitetini bitirib, 1993-c&uuml; ild\u0259 Rusiya Elml\u0259r Akademiyas\u0131n\u0131n Tarix \u015f&ouml;b\u0259sind\u0259 doktorluq m&uuml;dafi\u0259 edib.<\/p>\n<p>A.Attar 1990-c\u0131 ill\u0259rin ortalar\u0131ndan T&uuml;rkiy\u0259d\u0259 ya\u015fay\u0131r v\u0259 T&uuml;rkiy\u0259 v\u0259t\u0259nda\u015f\u0131d\u0131r. 2012-2016-c\u0131 ill\u0259rd\u0259 T&uuml;rkiy\u0259nin Gir\u0259sun Universitetinin rektoru olub. Az\u0259rbaycan tarixi v\u0259 m\u0259d\u0259niyy\u0259tinin t\u0259bli\u011fi istiqam\u0259tind\u0259 f\u0259aliyy\u0259t g&ouml;st\u0259r\u0259n professor erm\u0259nil\u0259rin Az\u0259rbaycan v\u0259 Anadolu t&uuml;rkl\u0259rin\u0259 qar\u015f\u0131 t&ouml;r\u0259tdiyi soyq\u0131r\u0131mlara h\u0259sr olunmu\u015f bir &ccedil;ox m\u0259qal\u0259nin m&uuml;\u0259llifidir.\/\/\/report<\/p>\n","protected":false},"excerpt":{"rendered":"<p>T&uuml;rkiy\u0259 prezidenti R\u0259c\u0259b Tayyib \u018frdo\u011fan bu &ouml;lk\u0259d\u0259 ya\u015fay\u0131b f\u0259aliyy\u0259t g&ouml;st\u0259r\u0259n az\u0259rbaycanl\u0131 alim Ayg&uuml;n Attara y&uuml;ks\u0259k v\u0259zif\u0259 verib. D&ouml;vl\u0259t ba\u015f&ccedil;\u0131s\u0131n\u0131n m&uuml;vafiq q\u0259rar\u0131 &ldquo;Resmi Gazete&rdquo; d\u0259rc olunub. Q\u0259rara \u0259sas\u0259n, professor A.Attar T&uuml;rkiy\u0259&hellip;<\/p>\n","protected":false},"author":1,"featured_media":251278,"comment_status":"open","ping_status":"open","sticky":false,"template":"","format":"standard","meta":{"_lmt_disableupdate":"","_lmt_disable":"","footnotes":""},"categories":[89],"tags":[],"class_list":["post-112272","post","type-post","status-publish","format-standard","has-post-thumbnail","hentry","category-dunya-butun-xeberler"],"_links":{"self":[{"href":"https:\/\/ucnoqta.az\/index.php?rest_route=\/wp\/v2\/posts\/112272","targetHints":{"allow":["GET"]}}],"collection":[{"href":"https:\/\/ucnoqta.az\/index.php?rest_route=\/wp\/v2\/posts"}],"about":[{"href":"https:\/\/ucnoqta.az\/index.php?rest_route=\/wp\/v2\/types\/post"}],"author":[{"embeddable":true,"href":"https:\/\/ucnoqta.az\/index.php?rest_route=\/wp\/v2\/users\/1"}],"replies":[{"embeddable":true,"href":"https:\/\/ucnoqta.az\/index.php?rest_route=%2Fwp%2Fv2%2Fcomments&post=112272"}],"version-history":[{"count":0,"href":"https:\/\/ucnoqta.az\/index.php?rest_route=\/wp\/v2\/posts\/112272\/revisions"}],"wp:featuredmedia":[{"embeddable":true,"href":"https:\/\/ucnoqta.az\/index.php?rest_route=\/wp\/v2\/media\/251278"}],"wp:attachment":[{"href":"https:\/\/ucnoqta.az\/index.php?rest_route=%2Fwp%2Fv2%2Fmedia&parent=112272"}],"wp:term":[{"taxonomy":"category","embeddable":true,"href":"https:\/\/ucnoqta.az\/index.php?rest_route=%2Fwp%2Fv2%2Fcategories&post=112272"},{"taxonomy":"post_tag","embeddable":true,"href":"https:\/\/ucnoqta.az\/index.php?rest_route=%2Fwp%2Fv2%2Ftags&post=112272"}],"curies":[{"name":"wp","href":"https:\/\/api.w.org\/{rel}","templated":true}]}}