{"id":112253,"date":"2021-02-05T18:14:00","date_gmt":"2021-02-05T14:14:00","guid":{"rendered":""},"modified":"-0001-11-30T00:00:00","modified_gmt":"-0001-11-29T20:00:00","slug":"","status":"publish","type":"post","link":"https:\/\/ucnoqta.az\/?p=112253","title":{"rendered":"\u0130lham \u018fliyev pensiya\u00e7\u0131lar\u0131n sosial m\u00fcdafi\u0259sini g\u00fccl\u0259ndirm\u0259k m\u0259qs\u0259dil\u0259 s\u0259r\u0259ncam imzalay\u0131b"},"content":{"rendered":"<p>Prezident \u0130lham \u018fliyev pensiya\u00e7\u0131lar\u0131n sosial m\u00fcdafi\u0259sini g\u00fccl\u0259ndirm\u0259k m\u0259qs\u0259dil\u0259 \u201c\u018fm\u0259k pensiyalar\u0131n\u0131n indeksl\u0259\u015fdirilm\u0259si haqq\u0131nda\u201d S\u0259r\u0259ncam imzalay\u0131b.<\/p>\n<p>Ucnoqta.az x\u0259b\u0259r verir ki, S\u0259r\u0259ncama \u0259sas\u0259n \u018fm\u0259k v\u0259 \u018fhalinin Sosial M\u00fcdafi\u0259si Nazirliyin\u0259 2021-ci il 1 yanvar tarixin\u0259 2020-ci il \u00fczr\u0259 Az\u0259rbaycan Respublikas\u0131n\u0131n D\u00f6vl\u0259t Statistika Komit\u0259sinin m\u00fc\u0259yy\u0259n etdiyi orta ayl\u0131q nominal \u0259m\u0259khaqq\u0131n\u0131n illik art\u0131m tempin\u0259 uy\u011fun olaraq 2021-ci il 1 yanvar tarixin\u0259d\u0259k t\u0259yin edilmi\u015f b\u00fct\u00fcn n\u00f6v \u0259m\u0259k pensiyalar\u0131n\u0131n s\u0131\u011forta hiss\u0259sinin v\u0259 istehlak qiym\u0259tl\u0259ri indeksinin illik s\u0259viyy\u0259sin\u0259 uy\u011fun olaraq f\u0259rdi u\u00e7ot sistemind\u0259 f\u0259rdi hesablar\u0131n s\u0131\u011forta hiss\u0259sind\u0259 2021-ci il 1 yanvar tarixin\u0259d\u0259k qeyd\u0259 al\u0131nm\u0131\u015f pensiya kapital\u0131 m\u0259bl\u0259\u011fl\u0259rinin indeksl\u0259\u015fdirilm\u0259sini h\u0259yata ke\u00e7irm\u0259k tap\u015f\u0131r\u0131l\u0131b.<\/p>\n<p>S\u0259r\u0259ncamdan ir\u0259li g\u0259l\u0259n m\u0259s\u0259l\u0259l\u0259rin h\u0259lli \u00fc\u00e7\u00fcn Nazirl\u0259r Kabinetin\u0259 d\u0259 tap\u015f\u0131r\u0131q verilib.<\/p>\n","protected":false},"excerpt":{"rendered":"<p>Prezident \u0130lham \u018fliyev pensiya\u00e7\u0131lar\u0131n sosial m\u00fcdafi\u0259sini g\u00fccl\u0259ndirm\u0259k m\u0259qs\u0259dil\u0259 \u201c\u018fm\u0259k pensiyalar\u0131n\u0131n indeksl\u0259\u015fdirilm\u0259si haqq\u0131nda\u201d S\u0259r\u0259ncam imzalay\u0131b. Ucnoqta.az x\u0259b\u0259r verir ki, S\u0259r\u0259ncama \u0259sas\u0259n \u018fm\u0259k v\u0259 \u018fhalinin Sosial M\u00fcdafi\u0259si Nazirliyin\u0259 2021-ci il 1 yanvar&hellip;<\/p>\n","protected":false},"author":1,"featured_media":251278,"comment_status":"open","ping_status":"open","sticky":false,"template":"","format":"standard","meta":{"_lmt_disableupdate":"","_lmt_disable":"","footnotes":""},"categories":[],"tags":[],"class_list":["post-112253","post","type-post","status-publish","format-standard","has-post-thumbnail","hentry"],"_links":{"self":[{"href":"https:\/\/ucnoqta.az\/index.php?rest_route=\/wp\/v2\/posts\/112253","targetHints":{"allow":["GET"]}}],"collection":[{"href":"https:\/\/ucnoqta.az\/index.php?rest_route=\/wp\/v2\/posts"}],"about":[{"href":"https:\/\/ucnoqta.az\/index.php?rest_route=\/wp\/v2\/types\/post"}],"author":[{"embeddable":true,"href":"https:\/\/ucnoqta.az\/index.php?rest_route=\/wp\/v2\/users\/1"}],"replies":[{"embeddable":true,"href":"https:\/\/ucnoqta.az\/index.php?rest_route=%2Fwp%2Fv2%2Fcomments&post=112253"}],"version-history":[{"count":0,"href":"https:\/\/ucnoqta.az\/index.php?rest_route=\/wp\/v2\/posts\/112253\/revisions"}],"wp:featuredmedia":[{"embeddable":true,"href":"https:\/\/ucnoqta.az\/index.php?rest_route=\/wp\/v2\/media\/251278"}],"wp:attachment":[{"href":"https:\/\/ucnoqta.az\/index.php?rest_route=%2Fwp%2Fv2%2Fmedia&parent=112253"}],"wp:term":[{"taxonomy":"category","embeddable":true,"href":"https:\/\/ucnoqta.az\/index.php?rest_route=%2Fwp%2Fv2%2Fcategories&post=112253"},{"taxonomy":"post_tag","embeddable":true,"href":"https:\/\/ucnoqta.az\/index.php?rest_route=%2Fwp%2Fv2%2Ftags&post=112253"}],"curies":[{"name":"wp","href":"https:\/\/api.w.org\/{rel}","templated":true}]}}