{"id":112242,"date":"2021-02-05T16:13:05","date_gmt":"2021-02-05T12:13:05","guid":{"rendered":""},"modified":"-0001-11-30T00:00:00","modified_gmt":"-0001-11-29T20:00:00","slug":"","status":"publish","type":"post","link":"https:\/\/ucnoqta.az\/?p=112242","title":{"rendered":"&#8220;Bak\u0131 Metropoliteni&#8221; BNA-n\u0131n xahi\u015fini yerin\u0259 yetirdi"},"content":{"rendered":"<p><strong>Nazirl\u0259r Kabineti yan\u0131nda Operativ Q\u0259rargah COVID-19 pandemiyas\u0131 il\u0259 \u0259laq\u0259dar t\u0259tbiq edilmi\u015f x&uuml;susi karantin rejimi d&ouml;vr&uuml;nd\u0259 bir s\u0131ra m\u0259hdudiyy\u0259tl\u0259ri l\u0259\u011fv edib.<\/strong><\/p>\n<p>Ucnoqta.az-\u0131n&nbsp;&ldquo;Bak\u0131 Metropoliteni&rdquo; QSC-y\u0259 istinad\u0259n verdiyi x\u0259b\u0259r\u0259 g&ouml;r\u0259, bununla \u0259laq\u0259dar son g&uuml;nl\u0259r paytaxt\u0131n ictimai s\u0259rni\u015finda\u015f\u0131ma n\u0259qliyyat\u0131 sah\u0259sind\u0259 gedi\u015f haqq\u0131n\u0131n karta y&uuml;kl\u0259nm\u0259si &uuml;&ccedil;&uuml;n s\u0259rni\u015finl\u0259rin terminallardan istifad\u0259y\u0259 olan t\u0259l\u0259bat\u0131n\u0131n artmas\u0131 m&uuml;\u015fahid\u0259 olunur.<\/p>\n<p>Bak\u0131 N\u0259qliyyat Agentliyind\u0259n daxil olan, habel\u0259 v\u0259t\u0259nda\u015flar\u0131n &ccedil;oxsayl\u0131 m&uuml;raci\u0259tl\u0259ri n\u0259z\u0259r\u0259 al\u0131naraq &ldquo;Bak\u0131Kart&rdquo; istifad\u0259&ccedil;il\u0259rinin rahatl\u0131\u011f\u0131n\u0131 t\u0259min etm\u0259k m\u0259qs\u0259dil\u0259 &ldquo;Bak\u0131 Metropoliteni&rdquo; QSC-nin r\u0259hb\u0259rliyi stansiya vestib&uuml;ll\u0259rinin yaln\u0131z &ouml;d\u0259m\u0259 terminallar\u0131ndan istifad\u0259 &uuml;&ccedil;&uuml;n a&ccedil;\u0131lmas\u0131na q\u0259rar verib.<\/p>\n<p>\u0130ctimai n\u0259qliyyat\u0131n s\u0259rni\u015finda\u015f\u0131ma f\u0259aliyy\u0259ti g&ouml;st\u0259rm\u0259diyi \u015f\u0259nb\u0259 v\u0259 bazar g&uuml;nl\u0259ri istisna olmaqla, qalan g&uuml;nl\u0259r \u0259rzind\u0259 vestib&uuml;ll\u0259r a&ccedil;\u0131q olacaq. H\u0259m&ccedil;inin &ouml;d\u0259m\u0259 m\u0259qs\u0259dil\u0259 vestib&uuml;ll\u0259rd\u0259n istifad\u0259 edilm\u0259sinin z\u0259ruriliyini, intensivliyini v\u0259 s. &ouml;yr\u0259nm\u0259k, z\u0259ruri t\u0259dbirl\u0259ri g&ouml;rm\u0259k &uuml;&ccedil;&uuml;n m&uuml;vafiq monitorinql\u0259r apar\u0131lacaq.<\/p>\n<p>Lakin x&uuml;susi olaraq diqq\u0259t\u0259 &ccedil;atd\u0131r\u0131l\u0131r ki, stansiyalar\u0131n dig\u0259r \u0259razil\u0259rin\u0259 daxil olmaq, o c&uuml;ml\u0259d\u0259n platformadan ke&ccedil;m\u0259kl\u0259 \u0259ks istiqam\u0259td\u0259ki &ccedil;\u0131x\u0131\u015fa do\u011fru h\u0259r\u0259k\u0259t etm\u0259k q\u0259ti qada\u011fand\u0131r.<\/p>\n<p>S\u0259rni\u015finl\u0259rd\u0259n m&ouml;vcud qaydalara riay\u0259t etm\u0259l\u0259ri xahi\u015f olunur v\u0259 bildirilir ki, stansiya \u0259razisin\u0259 daxil olark\u0259n m&uuml;tl\u0259q qaydada tibbi maska d&uuml;zg&uuml;n tax\u0131lmal\u0131 v\u0259 sosial m\u0259saf\u0259 g&ouml;zl\u0259nilm\u0259lidir.<\/p>\n<p>&nbsp;<\/p>\n","protected":false},"excerpt":{"rendered":"<p>Nazirl\u0259r Kabineti yan\u0131nda Operativ Q\u0259rargah COVID-19 pandemiyas\u0131 il\u0259 \u0259laq\u0259dar t\u0259tbiq edilmi\u015f x&uuml;susi karantin rejimi d&ouml;vr&uuml;nd\u0259 bir s\u0131ra m\u0259hdudiyy\u0259tl\u0259ri l\u0259\u011fv edib. Ucnoqta.az-\u0131n&nbsp;&ldquo;Bak\u0131 Metropoliteni&rdquo; QSC-y\u0259 istinad\u0259n verdiyi x\u0259b\u0259r\u0259 g&ouml;r\u0259, bununla \u0259laq\u0259dar son&hellip;<\/p>\n","protected":false},"author":1,"featured_media":251278,"comment_status":"open","ping_status":"open","sticky":false,"template":"","format":"standard","meta":{"_lmt_disableupdate":"","_lmt_disable":"","footnotes":""},"categories":[],"tags":[],"class_list":["post-112242","post","type-post","status-publish","format-standard","has-post-thumbnail","hentry"],"_links":{"self":[{"href":"https:\/\/ucnoqta.az\/index.php?rest_route=\/wp\/v2\/posts\/112242","targetHints":{"allow":["GET"]}}],"collection":[{"href":"https:\/\/ucnoqta.az\/index.php?rest_route=\/wp\/v2\/posts"}],"about":[{"href":"https:\/\/ucnoqta.az\/index.php?rest_route=\/wp\/v2\/types\/post"}],"author":[{"embeddable":true,"href":"https:\/\/ucnoqta.az\/index.php?rest_route=\/wp\/v2\/users\/1"}],"replies":[{"embeddable":true,"href":"https:\/\/ucnoqta.az\/index.php?rest_route=%2Fwp%2Fv2%2Fcomments&post=112242"}],"version-history":[{"count":0,"href":"https:\/\/ucnoqta.az\/index.php?rest_route=\/wp\/v2\/posts\/112242\/revisions"}],"wp:featuredmedia":[{"embeddable":true,"href":"https:\/\/ucnoqta.az\/index.php?rest_route=\/wp\/v2\/media\/251278"}],"wp:attachment":[{"href":"https:\/\/ucnoqta.az\/index.php?rest_route=%2Fwp%2Fv2%2Fmedia&parent=112242"}],"wp:term":[{"taxonomy":"category","embeddable":true,"href":"https:\/\/ucnoqta.az\/index.php?rest_route=%2Fwp%2Fv2%2Fcategories&post=112242"},{"taxonomy":"post_tag","embeddable":true,"href":"https:\/\/ucnoqta.az\/index.php?rest_route=%2Fwp%2Fv2%2Ftags&post=112242"}],"curies":[{"name":"wp","href":"https:\/\/api.w.org\/{rel}","templated":true}]}}