{"id":112241,"date":"2021-02-05T15:52:33","date_gmt":"2021-02-05T11:52:33","guid":{"rendered":""},"modified":"-0001-11-30T00:00:00","modified_gmt":"-0001-11-29T20:00:00","slug":"","status":"publish","type":"post","link":"https:\/\/ucnoqta.az\/?p=112241","title":{"rendered":"Z\u0259f\u0259r Muzeyinin konsepsiyas\u0131 t\u0259qdim edildi &#8211; <font color=red><b>FOTO<\/b><\/font>"},"content":{"rendered":"<p><strong>Az\u0259rbaycan Respublikas\u0131 M\u0259d\u0259niyy\u0259t Nazirliyinin t\u0259\u015f\u0259bb&uuml;s&uuml; il\u0259 fevral\u0131n 4-d\u0259 V\u0259t\u0259n m&uuml;harib\u0259si memorial kompleksi v\u0259 Z\u0259f\u0259r Muzeyinin yarad\u0131lmas\u0131 il\u0259 \u0259laq\u0259dar m&uuml;vafiq d&ouml;vl\u0259t qurumlar\u0131n\u0131n s\u0259lahiyy\u0259tli n&uuml;may\u0259nd\u0259l\u0259rind\u0259n ibar\u0259t i\u015f&ccedil;i qrupunun onlayn iclas\u0131 ke&ccedil;irilib.<\/strong><\/p>\n<p>Bu bar\u0259d\u0259 M\u0259d\u0259niyy\u0259t Nazirliyi m\u0259lumat yay\u0131b.<\/p>\n<p>M\u0259d\u0259niyy\u0259t naziri Anar K\u0259rimov iclasda &ccedil;\u0131x\u0131\u015f ed\u0259r\u0259k d&ouml;vl\u0259t ba\u015f&ccedil;\u0131s\u0131n\u0131n 3 dekabr 2020-ci il tarixli s\u0259r\u0259ncam\u0131na \u0259sas\u0259n, Ordumuzun V\u0259t\u0259n m&uuml;harib\u0259sind\u0259 g&ouml;st\u0259rdiyi misilsiz q\u0259hr\u0259manl\u0131\u011f\u0131n v\u0259 qazand\u0131\u011f\u0131 tarixi Z\u0259f\u0259rin n&uuml;mayi\u015f etdirilm\u0259si, \u015f\u0259hidl\u0259rimizin \u0259ziz xatir\u0259sinin \u0259b\u0259dil\u0259\u015fdirilm\u0259si m\u0259qs\u0259dil\u0259 Bak\u0131 \u015f\u0259h\u0259rind\u0259 V\u0259t\u0259n m&uuml;harib\u0259si memorial kompleksi v\u0259 Z\u0259f\u0259r Muzeyinin yarad\u0131lmas\u0131, Az\u0259rbaycan Respublikas\u0131n\u0131n Birinci vitse-prezidenti Mehriban \u018fliyevan\u0131n&nbsp;tap\u015f\u0131r\u0131\u011f\u0131na uy\u011fun olaraq muzeyin konsepsiyas\u0131n\u0131n haz\u0131rlanmas\u0131 il\u0259 \u0259laq\u0259dar indiy\u0259d\u0259k nazirlik t\u0259r\u0259find\u0259n h\u0259yata ke&ccedil;iril\u0259n i\u015fl\u0259r bar\u0259d\u0259 m\u0259lumat verib.<\/p>\n<p>V\u0259t\u0259n m&uuml;harib\u0259si memorial kompleksi v\u0259 Z\u0259f\u0259r Muzeyinin fondunun yarad\u0131lmas\u0131 &uuml;&ccedil;&uuml;n laz\u0131mi materiallar\u0131n toplan\u0131lmas\u0131na ba\u015fland\u0131\u011f\u0131n\u0131 bildir\u0259n nazir art\u0131q v\u0259t\u0259nda\u015flarla yana\u015f\u0131, d&ouml;vl\u0259t qurumlar\u0131 t\u0259r\u0259find\u0259n d\u0259 m&uuml;vafiq materiallar\u0131n t\u0259hvil verildiyini qeyd edib. Bildirilib ki, muzey 44 g&uuml;nl&uuml;k V\u0259t\u0259n m&uuml;harib\u0259si d&ouml;vr&uuml;nd\u0259 Az\u0259rbaycan xalq\u0131n\u0131n n&uuml;mayi\u015f etdirdiyi \u0259zmkarl\u0131\u011f\u0131, birliyi \u0259b\u0259dil\u0259\u015fdir\u0259n m&ouml;ht\u0259\u015f\u0259m kompleks, eyni zamanda xalq\u0131m\u0131z\u0131n q\u0259hr\u0259manl\u0131q irsini v\u0259 qazan\u0131lm\u0131\u015f Q\u0259l\u0259b\u0259ni m&uuml;asir t\u0259qdimat metodlar\u0131 il\u0259 tama\u015fa&ccedil;\u0131ya &ccedil;atd\u0131ran m\u0259kan olacaq. V\u0259t\u0259n m&uuml;harib\u0259sinin gedi\u015fini m&uuml;asir texnologiyalar vasit\u0259sil\u0259 canland\u0131racaq muzey h\u0259m&ccedil;inin &ouml;lk\u0259nin \u0259n b&ouml;y&uuml;k v\u0259 m&uuml;asir maarifl\u0259ndirici, v\u0259t\u0259np\u0259rv\u0259rlik ruhunda t\u0259rbiy\u0259 edici m\u0259rk\u0259zi kimi f\u0259aliyy\u0259t g&ouml;st\u0259r\u0259k.<\/p>\n<p>Sonra h\u0259rb tarixi &uuml;zr\u0259 ekspert S\u0259buhi \u018fhm\u0259dov muzeyin konsepsiyas\u0131n\u0131n ilkin layih\u0259sini i\u015f&ccedil;i qrupunun &uuml;zvl\u0259rin\u0259 t\u0259qdim edib.<\/p>\n<p>\u0130clas\u0131n sonunda V\u0259t\u0259n m&uuml;harib\u0259si memorial kompleksi v\u0259 Z\u0259f\u0259r Muzeyinin yarad\u0131lmas\u0131 istiqam\u0259tind\u0259 i\u015fl\u0259rin davam etdiril\u0259c\u0259yi bildirilib.<\/p>\n<p>&nbsp;<\/p>\n","protected":false},"excerpt":{"rendered":"<p>Az\u0259rbaycan Respublikas\u0131 M\u0259d\u0259niyy\u0259t Nazirliyinin t\u0259\u015f\u0259bb&uuml;s&uuml; il\u0259 fevral\u0131n 4-d\u0259 V\u0259t\u0259n m&uuml;harib\u0259si memorial kompleksi v\u0259 Z\u0259f\u0259r Muzeyinin yarad\u0131lmas\u0131 il\u0259 \u0259laq\u0259dar m&uuml;vafiq d&ouml;vl\u0259t qurumlar\u0131n\u0131n s\u0259lahiyy\u0259tli n&uuml;may\u0259nd\u0259l\u0259rind\u0259n ibar\u0259t i\u015f&ccedil;i qrupunun onlayn iclas\u0131 ke&ccedil;irilib. Bu&hellip;<\/p>\n","protected":false},"author":1,"featured_media":251278,"comment_status":"open","ping_status":"open","sticky":false,"template":"","format":"standard","meta":{"_lmt_disableupdate":"","_lmt_disable":"","footnotes":""},"categories":[],"tags":[],"class_list":["post-112241","post","type-post","status-publish","format-standard","has-post-thumbnail","hentry"],"_links":{"self":[{"href":"https:\/\/ucnoqta.az\/index.php?rest_route=\/wp\/v2\/posts\/112241","targetHints":{"allow":["GET"]}}],"collection":[{"href":"https:\/\/ucnoqta.az\/index.php?rest_route=\/wp\/v2\/posts"}],"about":[{"href":"https:\/\/ucnoqta.az\/index.php?rest_route=\/wp\/v2\/types\/post"}],"author":[{"embeddable":true,"href":"https:\/\/ucnoqta.az\/index.php?rest_route=\/wp\/v2\/users\/1"}],"replies":[{"embeddable":true,"href":"https:\/\/ucnoqta.az\/index.php?rest_route=%2Fwp%2Fv2%2Fcomments&post=112241"}],"version-history":[{"count":0,"href":"https:\/\/ucnoqta.az\/index.php?rest_route=\/wp\/v2\/posts\/112241\/revisions"}],"wp:featuredmedia":[{"embeddable":true,"href":"https:\/\/ucnoqta.az\/index.php?rest_route=\/wp\/v2\/media\/251278"}],"wp:attachment":[{"href":"https:\/\/ucnoqta.az\/index.php?rest_route=%2Fwp%2Fv2%2Fmedia&parent=112241"}],"wp:term":[{"taxonomy":"category","embeddable":true,"href":"https:\/\/ucnoqta.az\/index.php?rest_route=%2Fwp%2Fv2%2Fcategories&post=112241"},{"taxonomy":"post_tag","embeddable":true,"href":"https:\/\/ucnoqta.az\/index.php?rest_route=%2Fwp%2Fv2%2Ftags&post=112241"}],"curies":[{"name":"wp","href":"https:\/\/api.w.org\/{rel}","templated":true}]}}