{"id":112240,"date":"2021-02-05T15:45:16","date_gmt":"2021-02-05T11:45:16","guid":{"rendered":""},"modified":"-0001-11-30T00:00:00","modified_gmt":"-0001-11-29T20:00:00","slug":"","status":"publish","type":"post","link":"https:\/\/ucnoqta.az\/?p=112240","title":{"rendered":"&#8220;S\u0259n get h\u0259l\u0259 &#8220;sar\u0131 jiletlil\u0259r&#8221; m\u0259s\u0259l\u0259sini h\u0259ll el\u0259&#8221; &#8211; <font color=red><b>\u018frdo\u011fan<\/b><\/font>"},"content":{"rendered":"<p><strong>&ldquo;AB\u015e v\u0259 ya Avropa \u0130ttifaq\u0131 n\u0259 deyir? Bo\u011fazi&ccedil;i Universitetind\u0259 olanlar\u0131 pisl\u0259yirl\u0259r. Buradan Amerikaya dey\u0259c\u0259yim s&ouml;zl\u0259r var: se&ccedil;kiqaba\u011f\u0131 v\u0259 se&ccedil;kid\u0259n sonra AB\u015e-da ba\u015f ver\u0259n olaylardan he&ccedil; utanm\u0131rs\u0131n\u0131zm\u0131? Oradak\u0131 hadis\u0259l\u0259rd\u0259 ham\u0131 bir-birini t\u0259hdid etdi, irq&ccedil;ilik pik n&ouml;qt\u0259y\u0259 &ccedil;atd\u0131&rdquo;.<\/strong><\/p>\n<p>Bunu T&uuml;rkiy\u0259 Prezidenti&nbsp;R\u0259c\u0259b Tayyib \u018frdo\u011fan&nbsp;deyib.<\/p>\n<p>D&ouml;vl\u0259t ba\u015f&ccedil;\u0131s\u0131 Avropa \u0130ttifaq\u0131 &ouml;lk\u0259l\u0259rind\u0259n Fransa prezidenti Emmanuel Makronun T&uuml;rkiy\u0259 il\u0259 ba\u011fl\u0131 b\u0259yanatlar\u0131na s\u0259rt reaksiya verib:<\/p>\n<p>&ldquo;Dig\u0259r t\u0259r\u0259fd\u0259n d\u0259 Avropa \u0130ttifaq\u0131 &ouml;lk\u0259l\u0259rind\u0259n Makron dan\u0131\u015f\u0131r. Makron, s\u0259n get h\u0259l\u0259 &quot;sar\u0131 jiletlil\u0259r&quot; m\u0259s\u0259l\u0259sini h\u0259ll el\u0259. Haz\u0131rda b&uuml;t&uuml;n &quot;sar\u0131 jiletli&quot; v\u0259t\u0259nda\u015flar\u0131n k&uuml;&ccedil;\u0259l\u0259rd\u0259dir. S\u0259n h\u0259l\u0259 bunu h\u0259ll el\u0259. M\u0259nim &ouml;lk\u0259md\u0259 indi el\u0259 problem yoxdur. Biz \u0259min-amanl\u0131q i&ccedil;ind\u0259yik, rahat\u0131q. Amma onlar bizim d\u0259 sakitliyimizi pozmaq ist\u0259yirl\u0259r. Ana m&uuml;xalif\u0259t d\u0259 (C&uuml;mhuriyy\u0259t Xalq Partiyas\u0131 &ndash; &ldquo;Report&rdquo;) bunun i&ccedil;ind\u0259dir. M&uuml;xalif\u0259tin dig\u0259r qolu, da\u011fdan b\u0259sl\u0259n\u0259n HDP (Xalqlar\u0131n Demokratiyas\u0131 Partiyas\u0131 &ndash; &ldquo;Report&rdquo;) d\u0259 bunun i&ccedil;ind\u0259dir. T\u0259\u0259ss&uuml;f ki, \u0130Y\u0130 Partiyada bunun i&ccedil;ind\u0259dir. Ancaq &ccedil;axna\u015fma sala bilm\u0259y\u0259c\u0259kl\u0259r. Bunu bacarmayacaqlar&rdquo;.\/\/\/report<\/p>\n","protected":false},"excerpt":{"rendered":"<p>&ldquo;AB\u015e v\u0259 ya Avropa \u0130ttifaq\u0131 n\u0259 deyir? Bo\u011fazi&ccedil;i Universitetind\u0259 olanlar\u0131 pisl\u0259yirl\u0259r. Buradan Amerikaya dey\u0259c\u0259yim s&ouml;zl\u0259r var: se&ccedil;kiqaba\u011f\u0131 v\u0259 se&ccedil;kid\u0259n sonra AB\u015e-da ba\u015f ver\u0259n olaylardan he&ccedil; utanm\u0131rs\u0131n\u0131zm\u0131? Oradak\u0131 hadis\u0259l\u0259rd\u0259 ham\u0131 bir-birini&hellip;<\/p>\n","protected":false},"author":1,"featured_media":251278,"comment_status":"open","ping_status":"open","sticky":false,"template":"","format":"standard","meta":{"_lmt_disableupdate":"","_lmt_disable":"","footnotes":""},"categories":[89],"tags":[],"class_list":["post-112240","post","type-post","status-publish","format-standard","has-post-thumbnail","hentry","category-dunya-butun-xeberler"],"_links":{"self":[{"href":"https:\/\/ucnoqta.az\/index.php?rest_route=\/wp\/v2\/posts\/112240","targetHints":{"allow":["GET"]}}],"collection":[{"href":"https:\/\/ucnoqta.az\/index.php?rest_route=\/wp\/v2\/posts"}],"about":[{"href":"https:\/\/ucnoqta.az\/index.php?rest_route=\/wp\/v2\/types\/post"}],"author":[{"embeddable":true,"href":"https:\/\/ucnoqta.az\/index.php?rest_route=\/wp\/v2\/users\/1"}],"replies":[{"embeddable":true,"href":"https:\/\/ucnoqta.az\/index.php?rest_route=%2Fwp%2Fv2%2Fcomments&post=112240"}],"version-history":[{"count":0,"href":"https:\/\/ucnoqta.az\/index.php?rest_route=\/wp\/v2\/posts\/112240\/revisions"}],"wp:featuredmedia":[{"embeddable":true,"href":"https:\/\/ucnoqta.az\/index.php?rest_route=\/wp\/v2\/media\/251278"}],"wp:attachment":[{"href":"https:\/\/ucnoqta.az\/index.php?rest_route=%2Fwp%2Fv2%2Fmedia&parent=112240"}],"wp:term":[{"taxonomy":"category","embeddable":true,"href":"https:\/\/ucnoqta.az\/index.php?rest_route=%2Fwp%2Fv2%2Fcategories&post=112240"},{"taxonomy":"post_tag","embeddable":true,"href":"https:\/\/ucnoqta.az\/index.php?rest_route=%2Fwp%2Fv2%2Ftags&post=112240"}],"curies":[{"name":"wp","href":"https:\/\/api.w.org\/{rel}","templated":true}]}}