{"id":112236,"date":"2021-02-05T15:18:53","date_gmt":"2021-02-05T11:18:53","guid":{"rendered":""},"modified":"-0001-11-30T00:00:00","modified_gmt":"-0001-11-29T20:00:00","slug":"","status":"publish","type":"post","link":"https:\/\/ucnoqta.az\/?p=112236","title":{"rendered":"Prokurorluq orqanlar\u0131na i\u015f\u0259 q\u0259bulla ba\u011fl\u0131 m\u00fcsabiq\u0259 ke\u00e7irilib"},"content":{"rendered":"<p>&nbsp;<\/p>\n<p><strong>&Uuml;mummilli lider Heyd\u0259r \u018fliyev t\u0259r\u0259find\u0259n m&uuml;\u0259yy\u0259nl\u0259\u015fdirilmi\u015f inki\u015faf strategiyas\u0131n\u0131 yeni m\u0259rh\u0259l\u0259d\u0259 u\u011furla davam etdir\u0259n Az\u0259rbaycan Respublikas\u0131n\u0131n Prezidenti c\u0259nab \u0130lham \u018fliyevin siyasi irad\u0259sin\u0259 uy\u011fun olaraq &ouml;t\u0259n ill\u0259r \u0259rzind\u0259 h\u0259yata ke&ccedil;irilmi\u015f ard\u0131c\u0131l v\u0259 sistemli t\u0259dbirl\u0259r n\u0259tic\u0259sind\u0259 Az\u0259rbaycan g\u0259ncliyinin h\u0259rt\u0259r\u0259fli inki\u015faf\u0131 istiqam\u0259tind\u0259 m&uuml;h&uuml;m add\u0131mlar at\u0131l\u0131b, g\u0259ncl\u0259rin ictimai h\u0259yat\u0131n b&uuml;t&uuml;n sah\u0259l\u0259rind\u0259 f\u0259al i\u015ftirak\u0131na geni\u015f imkanlar yarad\u0131l\u0131b.<\/strong><\/p>\n<p>Ba\u015f Prokurorlu\u011fun m\u0259tbuat xidm\u0259tind\u0259n&nbsp;veril\u0259n m\u0259lumata g&ouml;r\u0259, &ouml;lk\u0259mizd\u0259 realla\u015fd\u0131r\u0131lan d&ouml;vl\u0259t g\u0259ncl\u0259r siyas\u0259ti prokurorluq orqanlar\u0131nda da davam etdirilm\u0259kl\u0259 ali h&uuml;quq t\u0259hsilli g\u0259nc h&uuml;quq\u015f&uuml;naslar\u0131n m&uuml;sabiq\u0259 yolu il\u0259 i\u015f\u0259 q\u0259bulu prokurorlu\u011fun kadr t\u0259rkibinin y&uuml;ks\u0259k ixtisasl\u0131 m&uuml;t\u0259x\u0259ssisl\u0259r hesab\u0131na yenid\u0259n formala\u015fmas\u0131n\u0131 t\u0259min edib.&nbsp;<\/p>\n<p>Ba\u015f Prokurorluq t\u0259r\u0259find\u0259n prokurorluq orqanlar\u0131na i\u015f\u0259 q\u0259bul olunmaq arzusunda olan \u015f\u0259xsl\u0259r &uuml;&ccedil;&uuml;n 80 vakant \u015ftat vahidi &uuml;zr\u0259 elan edilmi\u015f n&ouml;vb\u0259ti 22-ci m&uuml;sabiq\u0259nin ilkin m\u0259rh\u0259l\u0259si olan imtahan ke&ccedil;irilib.<\/p>\n<p>Prokurorluq orqanlar\u0131na i\u015f\u0259 q\u0259bulla ba\u011fl\u0131 s\u0259n\u0259dl\u0259rini t\u0259qdim etmi\u015f namiz\u0259dl\u0259r &uuml;&ccedil;&uuml;n m&uuml;sabiq\u0259nin ilkin m\u0259rh\u0259l\u0259si olan test imtahan\u0131 D&ouml;vl\u0259t \u0130mtahan M\u0259rk\u0259zi il\u0259 \u0259laq\u0259li \u015f\u0259kild\u0259 5 fevral 2021-ci il tarixd\u0259 saat 10:00-dan v\u0259 15:00-dan ba\u015flayaraq 3 saat m&uuml;dd\u0259tind\u0259 D&ouml;vl\u0259t \u0130mtahan M\u0259rk\u0259zinin inzibati binas\u0131nda ke&ccedil;irilir.<\/p>\n<p>\u0130mtahan komp&uuml;terl\u0259r vasit\u0259sil\u0259 elektron qaydada apar\u0131l\u0131r v\u0259 imtahan bitdikd\u0259n sonra namiz\u0259d\u0259 n\u0259tic\u0259l\u0259ri haqq\u0131nda aray\u0131\u015f t\u0259qdim olunacaq.<\/p>\n<p>Bundan \u0259lav\u0259, imtahan\u0131n n\u0259tic\u0259l\u0259ri D&ouml;vl\u0259t \u0130mtahan M\u0259rk\u0259zinin v\u0259 Ba\u015f Prokurorlu\u011fun r\u0259smi internet saytlar\u0131nda yerl\u0259\u015fdiril\u0259c\u0259k.&nbsp;<\/p>\n<p>Test imtahan\u0131ndan t\u0259l\u0259b olunan ke&ccedil;id bal\u0131n\u0131 toplam\u0131\u015f namiz\u0259dl\u0259r m&uuml;sabiq\u0259nin n&ouml;vb\u0259ti m\u0259rh\u0259l\u0259si olan yaz\u0131l\u0131 imtahanda i\u015ftirak etm\u0259k h&uuml;ququ qazanacaqlar.&nbsp;<\/p>\n<p>Yaz\u0131l\u0131 imtahan ba\u015fa &ccedil;atd\u0131r\u0131laraq n\u0259tic\u0259l\u0259ri elan edildikd\u0259n sonra m&uuml;v\u0259ff\u0259qiyy\u0259t qazanm\u0131\u015f namiz\u0259dl\u0259rin m&uuml;\u0259yy\u0259n edilmi\u015f qaydada tibbi m&uuml;ayin\u0259d\u0259n ke&ccedil;irilm\u0259si t\u0259min edil\u0259c\u0259k v\u0259 m&uuml;sabiq\u0259nin sonuncu m&uuml;sahib\u0259 m\u0259rh\u0259l\u0259sin\u0259 burax\u0131lacaqlar.<\/p>\n<p>&nbsp;<\/p>\n","protected":false},"excerpt":{"rendered":"<p>&nbsp; &Uuml;mummilli lider Heyd\u0259r \u018fliyev t\u0259r\u0259find\u0259n m&uuml;\u0259yy\u0259nl\u0259\u015fdirilmi\u015f inki\u015faf strategiyas\u0131n\u0131 yeni m\u0259rh\u0259l\u0259d\u0259 u\u011furla davam etdir\u0259n Az\u0259rbaycan Respublikas\u0131n\u0131n Prezidenti c\u0259nab \u0130lham \u018fliyevin siyasi irad\u0259sin\u0259 uy\u011fun olaraq &ouml;t\u0259n ill\u0259r \u0259rzind\u0259 h\u0259yata ke&ccedil;irilmi\u015f ard\u0131c\u0131l&hellip;<\/p>\n","protected":false},"author":1,"featured_media":251278,"comment_status":"open","ping_status":"open","sticky":false,"template":"","format":"standard","meta":{"_lmt_disableupdate":"","_lmt_disable":"","footnotes":""},"categories":[],"tags":[],"class_list":["post-112236","post","type-post","status-publish","format-standard","has-post-thumbnail","hentry"],"_links":{"self":[{"href":"https:\/\/ucnoqta.az\/index.php?rest_route=\/wp\/v2\/posts\/112236","targetHints":{"allow":["GET"]}}],"collection":[{"href":"https:\/\/ucnoqta.az\/index.php?rest_route=\/wp\/v2\/posts"}],"about":[{"href":"https:\/\/ucnoqta.az\/index.php?rest_route=\/wp\/v2\/types\/post"}],"author":[{"embeddable":true,"href":"https:\/\/ucnoqta.az\/index.php?rest_route=\/wp\/v2\/users\/1"}],"replies":[{"embeddable":true,"href":"https:\/\/ucnoqta.az\/index.php?rest_route=%2Fwp%2Fv2%2Fcomments&post=112236"}],"version-history":[{"count":0,"href":"https:\/\/ucnoqta.az\/index.php?rest_route=\/wp\/v2\/posts\/112236\/revisions"}],"wp:featuredmedia":[{"embeddable":true,"href":"https:\/\/ucnoqta.az\/index.php?rest_route=\/wp\/v2\/media\/251278"}],"wp:attachment":[{"href":"https:\/\/ucnoqta.az\/index.php?rest_route=%2Fwp%2Fv2%2Fmedia&parent=112236"}],"wp:term":[{"taxonomy":"category","embeddable":true,"href":"https:\/\/ucnoqta.az\/index.php?rest_route=%2Fwp%2Fv2%2Fcategories&post=112236"},{"taxonomy":"post_tag","embeddable":true,"href":"https:\/\/ucnoqta.az\/index.php?rest_route=%2Fwp%2Fv2%2Ftags&post=112236"}],"curies":[{"name":"wp","href":"https:\/\/api.w.org\/{rel}","templated":true}]}}