{"id":112225,"date":"2021-02-05T13:49:12","date_gmt":"2021-02-05T09:49:12","guid":{"rendered":""},"modified":"-0001-11-30T00:00:00","modified_gmt":"-0001-11-29T20:00:00","slug":"","status":"publish","type":"post","link":"https:\/\/ucnoqta.az\/?p=112225","title":{"rendered":"Milli M\u0259clisd\u0259 Qanunlar\u0131n icras\u0131na n\u0259zar\u0259t qrupu yarad\u0131l\u0131r &#8211;<font color=red><b> EKSKL\u00dcZ\u0130V<\/b><\/font>"},"content":{"rendered":"<p><strong>Milli M\u0259clisd\u0259 yeni mexanizm formala\u015fd\u0131r\u0131l\u0131r.<\/strong><\/p>\n<p>Bu bar\u0259d\u0259&nbsp;&ldquo;Report&rdquo;a Milli M\u0259clisin Hesablay\u0131c\u0131 komissiyas\u0131n\u0131n s\u0259dri, deputat&nbsp;Eldar Quliyev&nbsp;m\u0259lumat verib.<\/p>\n<p>Komissiya s\u0259dri bildirib ki, Prezident \u0130lham \u018fliyevin tap\u015f\u0131r\u0131q v\u0259 t&ouml;vsiy\u0259sin\u0259 uy\u011fun olaraq yax\u0131n vaxtlarda Milli M\u0259clisin n\u0259zdind\u0259 Qanunlar\u0131n icras\u0131na n\u0259zar\u0259t qrupu yarad\u0131lacaq:<\/p>\n<p>&ldquo;H\u0259min qrupda m&uuml;xt\u0259lif sah\u0259l\u0259ri \u0259hat\u0259 ed\u0259n deputatlar t\u0259msil olunacaq&rdquo;.<\/p>\n<p>O xat\u0131rlad\u0131b ki, &ouml;t\u0259n ilin mart\u0131n 10-da alt\u0131nc\u0131 &ccedil;a\u011f\u0131r\u0131\u015f Milli M\u0259clisin ilk iclas\u0131nda &ccedil;\u0131x\u0131\u015f ed\u0259n Prezident \u0130lham \u018fliyev qeyd etmi\u015fdi ki, deputatlar qar\u015f\u0131s\u0131nda b&ouml;y&uuml;k v\u0259zif\u0259l\u0259r durur, ilk n&ouml;vb\u0259d\u0259, qanunvericilik sah\u0259sind\u0259. H\u0259min vaxt d&ouml;vl\u0259t ba\u015f&ccedil;\u0131s\u0131 demi\u015fdi:<\/p>\n<p>&ldquo;M\u0259nim t&ouml;vsiy\u0259m ondan ibar\u0259tdir ki, n\u0259inki k\u0259miyy\u0259t\u0259, daha &ccedil;ox keyfiyy\u0259t\u0259 fikir verilsin. &Ccedil;&uuml;nki m&ouml;vcud olan qanunlar\u0131n t\u0259kmill\u0259\u015fdirilm\u0259sin\u0259 baxmaq, onlar\u0131 t\u0259fti\u015f etm\u0259k laz\u0131md\u0131r. \u0130cra strukturlar\u0131na m\u0259nim t\u0259r\u0259fimd\u0259n g&ouml;st\u0259ri\u015f verilmi\u015fdir ki, q\u0259bul edilmi\u015f qanunlar\u0131n icras\u0131 n\u0259 yerd\u0259dir. Biz bir &ccedil;ox g&ouml;z\u0259l qanunlar q\u0259bul edirik, eyni zamanda, Prezident t\u0259r\u0259find\u0259n bir &ccedil;ox &ouml;n\u0259mli s\u0259r\u0259ncamlar imzalan\u0131r, ancaq onlar\u0131n icras\u0131na n\u0259zar\u0259t laz\u0131mi s\u0259viyy\u0259d\u0259 deyil. Ona g&ouml;r\u0259 Prezident Administrasiyas\u0131nda x&uuml;susi \u015f&ouml;b\u0259 yarad\u0131ld\u0131. Hesab edir\u0259m ki, Milli M\u0259clis, deputatlar da bu i\u015fl\u0259rl\u0259 m\u0259\u015f\u011ful olmal\u0131d\u0131rlar. Bax\u0131n, g&ouml;r&uuml;n, q\u0259bul olunmu\u015f qanunlar icra edilir, yoxsa edilmir, bu qanunlar\u0131 pozurlar, yoxsa pozmurlar. \u018fg\u0259r bel\u0259 hallar a\u015fkarlanarsa, onda \u0259lb\u0259tt\u0259 ki, ciddi c\u0259za t\u0259dbirl\u0259ri g&ouml;r&uuml;lm\u0259lidir&rdquo;.<\/p>\n","protected":false},"excerpt":{"rendered":"<p>Milli M\u0259clisd\u0259 yeni mexanizm formala\u015fd\u0131r\u0131l\u0131r. Bu bar\u0259d\u0259&nbsp;&ldquo;Report&rdquo;a Milli M\u0259clisin Hesablay\u0131c\u0131 komissiyas\u0131n\u0131n s\u0259dri, deputat&nbsp;Eldar Quliyev&nbsp;m\u0259lumat verib. Komissiya s\u0259dri bildirib ki, Prezident \u0130lham \u018fliyevin tap\u015f\u0131r\u0131q v\u0259 t&ouml;vsiy\u0259sin\u0259 uy\u011fun olaraq yax\u0131n vaxtlarda Milli&hellip;<\/p>\n","protected":false},"author":1,"featured_media":251278,"comment_status":"open","ping_status":"open","sticky":false,"template":"","format":"standard","meta":{"_lmt_disableupdate":"","_lmt_disable":"","footnotes":""},"categories":[],"tags":[],"class_list":["post-112225","post","type-post","status-publish","format-standard","has-post-thumbnail","hentry"],"_links":{"self":[{"href":"https:\/\/ucnoqta.az\/index.php?rest_route=\/wp\/v2\/posts\/112225","targetHints":{"allow":["GET"]}}],"collection":[{"href":"https:\/\/ucnoqta.az\/index.php?rest_route=\/wp\/v2\/posts"}],"about":[{"href":"https:\/\/ucnoqta.az\/index.php?rest_route=\/wp\/v2\/types\/post"}],"author":[{"embeddable":true,"href":"https:\/\/ucnoqta.az\/index.php?rest_route=\/wp\/v2\/users\/1"}],"replies":[{"embeddable":true,"href":"https:\/\/ucnoqta.az\/index.php?rest_route=%2Fwp%2Fv2%2Fcomments&post=112225"}],"version-history":[{"count":0,"href":"https:\/\/ucnoqta.az\/index.php?rest_route=\/wp\/v2\/posts\/112225\/revisions"}],"wp:featuredmedia":[{"embeddable":true,"href":"https:\/\/ucnoqta.az\/index.php?rest_route=\/wp\/v2\/media\/251278"}],"wp:attachment":[{"href":"https:\/\/ucnoqta.az\/index.php?rest_route=%2Fwp%2Fv2%2Fmedia&parent=112225"}],"wp:term":[{"taxonomy":"category","embeddable":true,"href":"https:\/\/ucnoqta.az\/index.php?rest_route=%2Fwp%2Fv2%2Fcategories&post=112225"},{"taxonomy":"post_tag","embeddable":true,"href":"https:\/\/ucnoqta.az\/index.php?rest_route=%2Fwp%2Fv2%2Ftags&post=112225"}],"curies":[{"name":"wp","href":"https:\/\/api.w.org\/{rel}","templated":true}]}}