{"id":112224,"date":"2021-02-05T14:17:46","date_gmt":"2021-02-05T10:17:46","guid":{"rendered":""},"modified":"-0001-11-30T00:00:00","modified_gmt":"-0001-11-29T20:00:00","slug":"","status":"publish","type":"post","link":"https:\/\/ucnoqta.az\/?p=112224","title":{"rendered":"M\u0259cburi k\u00f6\u00e7k\u00fcnl\u0259rin qay\u0131d\u0131\u015f\u0131 il\u0259 ba\u011fl\u0131 m\u0259s\u0259l\u0259l\u0259r m\u00fczakir\u0259 edilib"},"content":{"rendered":"<p><strong>&quot;V\u0259t\u0259nda\u015f C\u0259miyy\u0259tind\u0259 Debat&quot; \u0130ctimai Birliyi t\u0259r\u0259find\u0259n Az\u0259rbaycan Respublikas\u0131 G\u0259ncl\u0259r v\u0259 \u0130dman Nazirliyi, Az\u0259rbaycan Respublikas\u0131 Da\u011fl\u0131q Qaraba\u011f B&ouml;lg\u0259sinin Az\u0259rbaycan \u0130cmas\u0131, B&ouml;y&uuml;k Qay\u0131d\u0131\u015f G\u0259ncl\u0259r T\u0259\u015fkilat\u0131n\u0131n t\u0259r\u0259fda\u015fl\u0131\u011f\u0131 il\u0259 Qaraba\u011f b&ouml;lg\u0259sind\u0259n olan g\u0259ncl\u0259r &uuml;&ccedil;&uuml;n &quot;De-Qay\u0131d\u0131\u015f&quot; Debat M&uuml;sabiq\u0259si h\u0259yata ke&ccedil;iril\u0259c\u0259k.<\/strong><\/p>\n<p>Qa&ccedil;q\u0131n v\u0259 M\u0259cburi K&ouml;&ccedil;k&uuml;nl\u0259rin \u0130\u015fl\u0259ri &uuml;zr\u0259 D&ouml;vl\u0259t Komit\u0259sind\u0259n veril\u0259n m\u0259lumata g&ouml;r\u0259, Az\u0259rbaycan G\u0259ncl\u0259ri g&uuml;n&uuml; m&uuml;nasib\u0259til\u0259 100-d\u0259n &ccedil;ox g\u0259ncin i\u015ftirak\u0131 il\u0259 fevral\u0131n 4-d\u0259 ke&ccedil;iril\u0259n &quot;De-Qay\u0131d\u0131\u015f&quot; Debat M&uuml;sabiq\u0259sinin a&ccedil;\u0131l\u0131\u015f m\u0259rasimind\u0259 Az\u0259rbaycan Respublikas\u0131 G\u0259ncl\u0259r v\u0259 \u0130dman nazirinin m&uuml;avini \u0130ntiqam Babayev, Milli M\u0259clisin deputat\u0131, Az\u0259rbaycan Respublikas\u0131 Da\u011fl\u0131q Qaraba\u011f b&ouml;lg\u0259sinin az\u0259rbaycanl\u0131 icmas\u0131n\u0131n r\u0259hb\u0259ri Tural G\u0259nc\u0259liyev, Milli M\u0259clisin deputatlar\u0131 Ceyhun M\u0259mm\u0259dov, V&uuml;qar Bayramov, \u015eahin Seyidzad\u0259, &ldquo;B&ouml;y&uuml;k Qay\u0131d\u0131\u015f&rdquo; G\u0259ncl\u0259r T\u0259\u015fkilat\u0131n\u0131n idar\u0259 hey\u0259tinin &uuml;zv&uuml;, Qaraba\u011f qazisi \u018fhliyy\u0259t Mehdiyev &ccedil;\u0131x\u0131\u015f edib.<\/p>\n<p>M\u0259rasimd\u0259 a&ccedil;\u0131l\u0131\u015f nitqini ed\u0259n &quot;V\u0259t\u0259nda\u015f C\u0259miyy\u0259tind\u0259 Debat&quot; \u0130ctimai Birliyinin s\u0259dri &Uuml;lviyy\u0259 Axundova m&uuml;sabiq\u0259nin m\u0259qs\u0259dinin Prezident \u0130lham \u018fliyevin &ldquo;B&ouml;y&uuml;k Qay\u0131d\u0131\u015f ba\u015flay\u0131r&rdquo; ifad\u0259sinin g\u0259ncl\u0259r t\u0259r\u0259find\u0259n d\u0259st\u0259kl\u0259nm\u0259si, Qaraba\u011f h\u0259qiq\u0259tl\u0259rini d&uuml;nyaya &ccedil;atd\u0131rmas\u0131, beyn\u0259lxalq v\u0259 yerli platformalarda g\u0259ncl\u0259rin t\u0259msil olunmas\u0131 &uuml;&ccedil;&uuml;n Qaraba\u011f g\u0259ncl\u0259ri aras\u0131nda natiqlik m\u0259d\u0259niyy\u0259tini inki\u015faf etdirm\u0259k, onlar\u0131n, q\u0259rar verm\u0259 prosesl\u0259rind\u0259, ictimai aktuall\u0131q k\u0259sb ed\u0259n m\u0259s\u0259l\u0259l\u0259rd\u0259, d&ouml;vl\u0259t g\u0259ncl\u0259r siyas\u0259tinin h\u0259yata ke&ccedil;irilm\u0259sind\u0259 i\u015ftirak\u0131n\u0131 t\u0259min etm\u0259k oldu\u011funu vur\u011fulay\u0131b.<\/p>\n<p>Az\u0259rbaycan Respublikas\u0131 G\u0259ncl\u0259r v\u0259 \u0130dman nazirinin m&uuml;avini \u0130ntiqam Babayev &ccedil;\u0131x\u0131\u015f ed\u0259r\u0259k &Uuml;mummilli lider Heyd\u0259r \u018fliyevin Az\u0259rbaycan g\u0259ncl\u0259r siyas\u0259tinin \u0259sas\u0131n\u0131 qoymas\u0131n\u0131, haz\u0131rda Prezident \u0130lham \u018fliyevin r\u0259hb\u0259rliyi il\u0259 h\u0259yata ke&ccedil;iril\u0259n g\u0259ncl\u0259r siyas\u0259tind\u0259 sa\u011flam d&uuml;\u015f&uuml;nc\u0259li, intellektual, v\u0259t\u0259np\u0259rv\u0259r, milli ruhda olan Az\u0259rbaycan g\u0259ncinin formala\u015fmas\u0131na etdiyi &ccedil;a\u011f\u0131r\u0131\u015flar\u0131 qeyd edib, debat t\u0259\u015fkilat\u0131n\u0131n g\u0259ncl\u0259rin inki\u015faf\u0131na oynad\u0131\u011f\u0131 roldan dan\u0131\u015f\u0131b.<\/p>\n<p>Az\u0259rbaycan Respublikas\u0131 Da\u011fl\u0131q Qaraba\u011f b&ouml;lg\u0259sinin az\u0259rbaycanl\u0131 icmas\u0131n\u0131n r\u0259hb\u0259ri Tural G\u0259nc\u0259liyev &ccedil;\u0131x\u0131\u015f\u0131 zaman\u0131 Qaraba\u011f b&ouml;lg\u0259sind\u0259 natiqlik m\u0259d\u0259niyy\u0259tinin y&uuml;ks\u0259k olmas\u0131, bu b&ouml;lg\u0259nin yeti\u015fdirdiyi m&uuml;t\u0259f\u0259kkirl\u0259rin tariximizd\u0259ki rolunu v\u0259 Qaraba\u011f g\u0259ncl\u0259ri &uuml;&ccedil;&uuml;n ke&ccedil;iril\u0259n bu m&uuml;sabiq\u0259nin onlar\u0131n natiqlik bacar\u0131qlar\u0131n\u0131n, Qaraba\u011f haqq\u0131nda bilikl\u0259rinin artmas\u0131na \u015f\u0259rait yaradaca\u011f\u0131n\u0131 qeyd edib.<\/p>\n<p>&ldquo;B&ouml;y&uuml;k Qay\u0131d\u0131\u015f&rdquo; G\u0259ncl\u0259r T\u0259\u015fkilat\u0131n\u0131n idar\u0259 hey\u0259tinin &uuml;zv&uuml;, Qaraba\u011f qazisi \u018fhliyy\u0259t Mehdiyev Ali Ba\u015f Komandan\u0131n r\u0259hb\u0259rliyi il\u0259 \u0259ld\u0259 olunan q\u0259l\u0259b\u0259d\u0259 g\u0259ncl\u0259rin rolundan, q\u0259hr\u0259manl\u0131\u011f\u0131ndan h\u0259m&ccedil;inin, g\u0259ncl\u0259rin milli ruhda inki\u015faf\u0131 &uuml;&ccedil;&uuml;n debat layih\u0259l\u0259rinin h\u0259yata ke&ccedil;irilm\u0259sinin y&uuml;ks\u0259k \u0259h\u0259miyy\u0259td\u0259n b\u0259hs edib.<\/p>\n<p>M&ouml;vzusu Qaraba\u011fa h\u0259sr olunan m&uuml;sabiq\u0259y\u0259 Qaraba\u011f b&ouml;lg\u0259sind\u0259n olan g\u0259ncl\u0259r se&ccedil;il\u0259c\u0259k v\u0259 fevral-aprel aylar\u0131 \u0259hat\u0259 olunacaq. Se&ccedil;il\u0259n 66 g\u0259nc &uuml;&ccedil;&uuml;n pe\u015f\u0259kar debat v\u0259 natiqlik t\u0259liml\u0259ri, t\u0259r\u0259fda\u015f v\u0259 ekspertl\u0259rl\u0259 g&ouml;r&uuml;\u015fl\u0259r v\u0259 debatlar h\u0259yata ke&ccedil;iril\u0259c\u0259k.<\/p>\n<p>Debat m&uuml;sabiq\u0259sinin m\u0259rh\u0259l\u0259l\u0259rind\u0259n x\u0259b\u0259rdar olmaq v\u0259 qo\u015fulmaq &uuml;&ccedil;&uuml;n t\u0259\u015fkilat\u0131n (DVC) facebook v\u0259 instagram s\u0259hif\u0259l\u0259rini izl\u0259y\u0259 bil\u0259rsiniz.<\/p>\n","protected":false},"excerpt":{"rendered":"<p>&quot;V\u0259t\u0259nda\u015f C\u0259miyy\u0259tind\u0259 Debat&quot; \u0130ctimai Birliyi t\u0259r\u0259find\u0259n Az\u0259rbaycan Respublikas\u0131 G\u0259ncl\u0259r v\u0259 \u0130dman Nazirliyi, Az\u0259rbaycan Respublikas\u0131 Da\u011fl\u0131q Qaraba\u011f B&ouml;lg\u0259sinin Az\u0259rbaycan \u0130cmas\u0131, B&ouml;y&uuml;k Qay\u0131d\u0131\u015f G\u0259ncl\u0259r T\u0259\u015fkilat\u0131n\u0131n t\u0259r\u0259fda\u015fl\u0131\u011f\u0131 il\u0259 Qaraba\u011f b&ouml;lg\u0259sind\u0259n olan g\u0259ncl\u0259r &uuml;&ccedil;&uuml;n&hellip;<\/p>\n","protected":false},"author":1,"featured_media":251278,"comment_status":"open","ping_status":"open","sticky":false,"template":"","format":"standard","meta":{"_lmt_disableupdate":"","_lmt_disable":"","footnotes":""},"categories":[],"tags":[],"class_list":["post-112224","post","type-post","status-publish","format-standard","has-post-thumbnail","hentry"],"_links":{"self":[{"href":"https:\/\/ucnoqta.az\/index.php?rest_route=\/wp\/v2\/posts\/112224","targetHints":{"allow":["GET"]}}],"collection":[{"href":"https:\/\/ucnoqta.az\/index.php?rest_route=\/wp\/v2\/posts"}],"about":[{"href":"https:\/\/ucnoqta.az\/index.php?rest_route=\/wp\/v2\/types\/post"}],"author":[{"embeddable":true,"href":"https:\/\/ucnoqta.az\/index.php?rest_route=\/wp\/v2\/users\/1"}],"replies":[{"embeddable":true,"href":"https:\/\/ucnoqta.az\/index.php?rest_route=%2Fwp%2Fv2%2Fcomments&post=112224"}],"version-history":[{"count":0,"href":"https:\/\/ucnoqta.az\/index.php?rest_route=\/wp\/v2\/posts\/112224\/revisions"}],"wp:featuredmedia":[{"embeddable":true,"href":"https:\/\/ucnoqta.az\/index.php?rest_route=\/wp\/v2\/media\/251278"}],"wp:attachment":[{"href":"https:\/\/ucnoqta.az\/index.php?rest_route=%2Fwp%2Fv2%2Fmedia&parent=112224"}],"wp:term":[{"taxonomy":"category","embeddable":true,"href":"https:\/\/ucnoqta.az\/index.php?rest_route=%2Fwp%2Fv2%2Fcategories&post=112224"},{"taxonomy":"post_tag","embeddable":true,"href":"https:\/\/ucnoqta.az\/index.php?rest_route=%2Fwp%2Fv2%2Ftags&post=112224"}],"curies":[{"name":"wp","href":"https:\/\/api.w.org\/{rel}","templated":true}]}}