{"id":112221,"date":"2021-02-05T13:37:09","date_gmt":"2021-02-05T09:37:09","guid":{"rendered":""},"modified":"-0001-11-30T00:00:00","modified_gmt":"-0001-11-29T20:00:00","slug":"","status":"publish","type":"post","link":"https:\/\/ucnoqta.az\/?p=112221","title":{"rendered":"Bu k\u0259nd d\u0259 Az\u0259rbaycana qaytar\u0131la bil\u0259r"},"content":{"rendered":"<p><strong>K\u0259rki k\u0259ndi d\u0259 Az\u0259rbaycana qaytar\u0131la bil\u0259r.<\/strong><\/p>\n<p>Bu bar\u0259d\u0259 Erm\u0259nistan\u0131n &ldquo;Jovoxur&rdquo;&nbsp;n\u0259\u015fri m\u0259lumat yay\u0131b.<br \/>\nErm\u0259nistan\u0131n Ba\u015f naziri Nikol Pa\u015finyan\u0131n Ararat b&ouml;lg\u0259sin\u0259 g&ouml;zl\u0259nilm\u0259z s\u0259f\u0259rinin t\u0259f\u0259rr&uuml;atlar\u0131 bar\u0259d\u0259 m\u0259lumat ver\u0259n n\u0259\u015fr k\u0259ndin Az\u0259rbaycana qaytar\u0131lmas\u0131 il\u0259 ba\u011fl\u0131 \u015fayi\u0259l\u0259r g\u0259zdiyini bildirib.<\/p>\n<p>&ldquo;X&uuml;susil\u0259 b&ouml;lg\u0259d\u0259n narahat olan b\u0259zi sakinl\u0259r \u015fayi\u0259l\u0259rin g\u0259zdiyini x\u0259b\u0259r verm\u0259y\u0259 t\u0259l\u0259sdil\u0259r, buna g&ouml;r\u0259 Ba\u015f nazirin b&ouml;lg\u0259 r\u0259hb\u0259rliyi il\u0259 g&ouml;r&uuml;\u015f&uuml;nd\u0259n sonra qubernator Razmik Tevonyan, Pa\u015finyan v\u0259 Ararat b&ouml;lg\u0259si alay\u0131n\u0131n komandiri aras\u0131nda ayr\u0131ca &uuml;&ccedil;t\u0259r\u0259fli g&ouml;r&uuml;\u015f ke&ccedil;irilib. G&ouml;r&uuml;\u015fd\u0259 K\u0259rki k\u0259ndinin g\u0259l\u0259c\u0259k taleyi m&uuml;zakir\u0259 olunub&rdquo;,- dey\u0259 n\u0259\u015fr qeyd edib.<\/p>\n<p>Bildirilib ki, 10 noyabrda imzalanan m\u0259lum &uuml;&ccedil;t\u0259r\u0259fli b\u0259yanatdan sonra K\u0259rki (Tiqrana\u015fen) k\u0259ndi d\u0259 daxil olmaqla anklav (Bir d&ouml;vl\u0259tin \u0259razisinin ham\u0131s\u0131n\u0131n ba\u015fqa bir v\u0259 ya bir ne&ccedil;\u0259 d&ouml;vl\u0259tin quru \u0259razisi il\u0259 \u0259hat\u0259 olunmas\u0131na anklav deyilir-red.) \u0259razil\u0259rin Az\u0259rbaycana qaytar\u0131laca\u011f\u0131 g&ouml;zl\u0259nilir.<\/p>\n<p>B\u0259zi iddialara g&ouml;r\u0259, Nazirl\u0259r Kabineti yax\u0131n zamanda k\u0259ndin t\u0259hvil verilm\u0259si &uuml;&ccedil;&uuml;n g&ouml;st\u0259ri\u015f verib. Bu m\u0259lumatlara ayd\u0131nl\u0131q g\u0259tirm\u0259k &uuml;&ccedil;&uuml;n n\u0259\u015fr Ba\u015f Nazirin m\u0259tbuat katibi Mana Qevorqyanla \u0259laq\u0259 saxlay\u0131b.<\/p>\n<p>&ldquo;Orada m&uuml;zakir\u0259 olunan h\u0259r \u015fey bar\u0259d\u0259 m\u0259lumat verdik. \u018flb\u0259tt\u0259 ki, h\u0259r \u015feyi q\u0131saca t\u0259qdim etdik, amma burada \u0259lav\u0259 ed\u0259c\u0259k bir \u015fey yoxdur&rdquo;,- dey\u0259 Qevorqyan qeyd edib.<br \/>\nBununla bel\u0259 n\u0259\u015fr bu m&uuml;zakir\u0259nin h\u0259qiq\u0259t\u0259n gedib-getm\u0259diyini d\u0259qiql\u0259\u015fdir\u0259 bilm\u0259yib.\/\/\/qafqazinfo<\/p>\n","protected":false},"excerpt":{"rendered":"<p>K\u0259rki k\u0259ndi d\u0259 Az\u0259rbaycana qaytar\u0131la bil\u0259r. Bu bar\u0259d\u0259 Erm\u0259nistan\u0131n &ldquo;Jovoxur&rdquo;&nbsp;n\u0259\u015fri m\u0259lumat yay\u0131b. Erm\u0259nistan\u0131n Ba\u015f naziri Nikol Pa\u015finyan\u0131n Ararat b&ouml;lg\u0259sin\u0259 g&ouml;zl\u0259nilm\u0259z s\u0259f\u0259rinin t\u0259f\u0259rr&uuml;atlar\u0131 bar\u0259d\u0259 m\u0259lumat ver\u0259n n\u0259\u015fr k\u0259ndin Az\u0259rbaycana qaytar\u0131lmas\u0131 il\u0259&hellip;<\/p>\n","protected":false},"author":1,"featured_media":251278,"comment_status":"open","ping_status":"open","sticky":false,"template":"","format":"standard","meta":{"_lmt_disableupdate":"","_lmt_disable":"","footnotes":""},"categories":[],"tags":[],"class_list":["post-112221","post","type-post","status-publish","format-standard","has-post-thumbnail","hentry"],"_links":{"self":[{"href":"https:\/\/ucnoqta.az\/index.php?rest_route=\/wp\/v2\/posts\/112221","targetHints":{"allow":["GET"]}}],"collection":[{"href":"https:\/\/ucnoqta.az\/index.php?rest_route=\/wp\/v2\/posts"}],"about":[{"href":"https:\/\/ucnoqta.az\/index.php?rest_route=\/wp\/v2\/types\/post"}],"author":[{"embeddable":true,"href":"https:\/\/ucnoqta.az\/index.php?rest_route=\/wp\/v2\/users\/1"}],"replies":[{"embeddable":true,"href":"https:\/\/ucnoqta.az\/index.php?rest_route=%2Fwp%2Fv2%2Fcomments&post=112221"}],"version-history":[{"count":0,"href":"https:\/\/ucnoqta.az\/index.php?rest_route=\/wp\/v2\/posts\/112221\/revisions"}],"wp:featuredmedia":[{"embeddable":true,"href":"https:\/\/ucnoqta.az\/index.php?rest_route=\/wp\/v2\/media\/251278"}],"wp:attachment":[{"href":"https:\/\/ucnoqta.az\/index.php?rest_route=%2Fwp%2Fv2%2Fmedia&parent=112221"}],"wp:term":[{"taxonomy":"category","embeddable":true,"href":"https:\/\/ucnoqta.az\/index.php?rest_route=%2Fwp%2Fv2%2Fcategories&post=112221"},{"taxonomy":"post_tag","embeddable":true,"href":"https:\/\/ucnoqta.az\/index.php?rest_route=%2Fwp%2Fv2%2Ftags&post=112221"}],"curies":[{"name":"wp","href":"https:\/\/api.w.org\/{rel}","templated":true}]}}