{"id":112217,"date":"2021-02-05T12:57:35","date_gmt":"2021-02-05T08:57:35","guid":{"rendered":""},"modified":"-0001-11-30T00:00:00","modified_gmt":"-0001-11-29T20:00:00","slug":"","status":"publish","type":"post","link":"https:\/\/ucnoqta.az\/?p=112217","title":{"rendered":"Az\u0259rbaycanl\u0131 jurnalist \u0259r\u0259b medias\u0131nda Xocal\u0131 d\u0259h\u015f\u0259tl\u0259rind\u0259n yazd\u0131"},"content":{"rendered":"<p><strong>\u018fm\u0259kdar jurnalist, &quot;OLAYLAR&quot; q\u0259zetinin \u0259m\u0259kda\u015f\u0131, Milli V\u0259hd\u0259t Partiyas\u0131n\u0131n s\u0259dr m&uuml;avini S&uuml;leyman \u0130smay\u0131lb\u0259ylinin xarici mediada n&ouml;vb\u0259ti m\u0259qal\u0259si d\u0259rc edilib.<\/strong><\/p>\n<p>Ucnoqta.az x\u0259b\u0259r verir ki,&nbsp;m&uuml;\u0259llifin bu d\u0259f\u0259ki yaz\u0131s\u0131 29 il \u0259vv\u0259l erm\u0259nil\u0259rin Xocal\u0131da t&ouml;r\u0259tdikl\u0259ri soyq\u0131r\u0131ma h\u0259sr olunub. &quot;Xocal\u0131-XX \u0259srin \u0259n d\u0259h\u015f\u0259tli soyq\u0131r\u0131m\u0131&quot; adl\u0131 m\u0259qal\u0259 Misirin m\u0259\u015fhur aldiplomasy.com, aldawlanews.com, el\u0259c\u0259 d\u0259 \u0130ordaniyan\u0131n nayrouz.com saytlar\u0131nda d\u0259rc edilib.<\/p>\n<p>M&uuml;\u0259llif m\u0259qal\u0259d\u0259 erm\u0259nil\u0259rin&nbsp;29 il \u0259vv\u0259l, fevral\u0131n 25-d\u0259n 26-na ke&ccedil;\u0259n gec\u0259 Xocal\u0131da t&ouml;r\u0259tdikl\u0259ri v\u0259h\u015filikl\u0259rd\u0259n yaz\u0131r. Bildirir ki, insanl\u0131q \u0259leyhin\u0259 y&ouml;n\u0259lmi\u015f bu soyq\u0131r\u0131m zaman\u0131 613 m&uuml;lki v\u0259t\u0259nda\u015f erm\u0259nil\u0259r t\u0259r\u0259find\u0259n v\u0259h\u015fic\u0259sin\u0259 q\u0259tl\u0259 yetirildi ki, onlardan da 63-&uuml; u\u015faq, 106-s\u0131 qad\u0131n, 70-i is\u0259 qoca v\u0259 ah\u0131l \u015f\u0259xsl\u0259r idi. H\u0259m&ccedil;inin 8 ail\u0259 erm\u0259ni v\u0259h\u015filiyinin qurban\u0131 olaraq tamamil\u0259 m\u0259hv edildi, 25 u\u015faq h\u0259r iki valideynini, 130 u\u015faq is\u0259 valideynl\u0259rind\u0259n birini itirdi. Xocal\u0131 soyq\u0131r\u0131m\u0131 zaman\u0131 v\u0259h\u015fic\u0259sin\u0259 q\u0259tl\u0259 yetiril\u0259nl\u0259rl\u0259 yana\u015f\u0131 76-s\u0131 u\u015faq olmaqla, 487 n\u0259f\u0259r d&uuml;\u015fm\u0259n g&uuml;ll\u0259sin\u0259 tu\u015f g\u0259l\u0259r\u0259k yaraland\u0131.<\/p>\n<p>M\u0259qal\u0259 m&uuml;\u0259llifi yaz\u0131r ki, erm\u0259ni silahl\u0131 birl\u0259\u015fm\u0259l\u0259ri Xocal\u0131da XX \u0259srin \u0259n a\u011f\u0131r cinay\u0259tini t&ouml;r\u0259dib az\u0259rbaycanl\u0131lar\u0131 k&uuml;tl\u0259vi \u015f\u0259kild\u0259 soyq\u0131r\u0131ma m\u0259ruz qoyduqdan sonra \u015f\u0259h\u0259rin sa\u011f qalan 1275 n\u0259f\u0259r sakinini is\u0259 \u0259sir g&ouml;t&uuml;r\u0259r\u0259k Erm\u0259nistana apar\u0131rlar. 29 il \u0259vv\u0259l erm\u0259nil\u0259r t\u0259r\u0259find\u0259n \u0259sir g&ouml;t&uuml;r&uuml;l\u0259n 1275 Xocal\u0131 sakininin 150 n\u0259f\u0259rinin taleyi bu g&uuml;n\u0259 q\u0259d\u0259r d\u0259 nam\u0259lum olaraq qal\u0131r ki, onlardan da 68 n\u0259f\u0259ri qad\u0131n, 26 n\u0259f\u0259ri is\u0259 u\u015faq olub.<\/p>\n<p>S&uuml;leyman \u0130smay\u0131lb\u0259yli Xocal\u0131da az\u0259rbaycanl\u0131lara qar\u015f\u0131 soyq\u0131r\u0131m t&ouml;r\u0259dildiyi fakt\u0131n\u0131n erm\u0259ni canil\u0259r t\u0259r\u0259find\u0259n etiraf edildiyini d\u0259 m\u0259qal\u0259d\u0259 qeyd edir v\u0259 sabiq Erm\u0259nistan prezidenti Serj S\u0259rkisyan, h\u0259m&ccedil;inin erm\u0259ni yaz\u0131&ccedil;\u0131 Zori Balayan, David Xerdiyan\u0131n bununla ba\u011fl\u0131 etiraflar\u0131n\u0131 diqq\u0259t\u0259 &ccedil;atd\u0131r\u0131r.<\/p>\n<p>S&uuml;leyman \u0130smay\u0131lb\u0259yli Heyd\u0259r \u018fliyev Fondunun vitse-prezidenti Leyla xan\u0131m \u018fliyevan\u0131n 2008-ci ild\u0259n etibar\u0259n ba\u015flam\u0131\u015f oldu\u011fu &quot;Xocal\u0131ya \u018fdal\u0259t&quot; beyn\u0259lxalq kampaniyas\u0131 &ccedil;\u0259r&ccedil;iv\u0259sind\u0259 d&uuml;nyan\u0131n bir s\u0131ra &ouml;lk\u0259l\u0259rinin bu soyq\u0131r\u0131m\u0131 pisl\u0259y\u0259n b\u0259yanatlar, q\u0259rarlar q\u0259bul etdiyini, onu tan\u0131d\u0131\u011f\u0131n\u0131 da diqq\u0259t\u0259 &ccedil;atd\u0131r\u0131r.<\/p>\n<p>Sonda m\u0259qal\u0259 m&uuml;\u0259llifi &uuml;mid edir ki, tezlikl\u0259 Xocal\u0131da az\u0259rbaycanl\u0131lara qar\u015f\u0131 soyq\u0131r\u0131m h\u0259yata ke&ccedil;irmi\u015f erm\u0259ni canil\u0259ri t&ouml;r\u0259tdikl\u0259ri insanl\u0131q \u0259leyhin\u0259 cinay\u0259tl\u0259r\u0259, soyq\u0131r\u0131ma g&ouml;r\u0259 m\u0259suliyy\u0259t\u0259 c\u0259lb edil\u0259c\u0259kl\u0259r.<\/p>\n","protected":false},"excerpt":{"rendered":"<p>\u018fm\u0259kdar jurnalist, &quot;OLAYLAR&quot; q\u0259zetinin \u0259m\u0259kda\u015f\u0131, Milli V\u0259hd\u0259t Partiyas\u0131n\u0131n s\u0259dr m&uuml;avini S&uuml;leyman \u0130smay\u0131lb\u0259ylinin xarici mediada n&ouml;vb\u0259ti m\u0259qal\u0259si d\u0259rc edilib. Ucnoqta.az x\u0259b\u0259r verir ki,&nbsp;m&uuml;\u0259llifin bu d\u0259f\u0259ki yaz\u0131s\u0131 29 il \u0259vv\u0259l erm\u0259nil\u0259rin Xocal\u0131da&hellip;<\/p>\n","protected":false},"author":1,"featured_media":251278,"comment_status":"open","ping_status":"open","sticky":false,"template":"","format":"standard","meta":{"_lmt_disableupdate":"","_lmt_disable":"","footnotes":""},"categories":[96],"tags":[],"class_list":["post-112217","post","type-post","status-publish","format-standard","has-post-thumbnail","hentry","category-media-butun-xeberler"],"_links":{"self":[{"href":"https:\/\/ucnoqta.az\/index.php?rest_route=\/wp\/v2\/posts\/112217","targetHints":{"allow":["GET"]}}],"collection":[{"href":"https:\/\/ucnoqta.az\/index.php?rest_route=\/wp\/v2\/posts"}],"about":[{"href":"https:\/\/ucnoqta.az\/index.php?rest_route=\/wp\/v2\/types\/post"}],"author":[{"embeddable":true,"href":"https:\/\/ucnoqta.az\/index.php?rest_route=\/wp\/v2\/users\/1"}],"replies":[{"embeddable":true,"href":"https:\/\/ucnoqta.az\/index.php?rest_route=%2Fwp%2Fv2%2Fcomments&post=112217"}],"version-history":[{"count":0,"href":"https:\/\/ucnoqta.az\/index.php?rest_route=\/wp\/v2\/posts\/112217\/revisions"}],"wp:featuredmedia":[{"embeddable":true,"href":"https:\/\/ucnoqta.az\/index.php?rest_route=\/wp\/v2\/media\/251278"}],"wp:attachment":[{"href":"https:\/\/ucnoqta.az\/index.php?rest_route=%2Fwp%2Fv2%2Fmedia&parent=112217"}],"wp:term":[{"taxonomy":"category","embeddable":true,"href":"https:\/\/ucnoqta.az\/index.php?rest_route=%2Fwp%2Fv2%2Fcategories&post=112217"},{"taxonomy":"post_tag","embeddable":true,"href":"https:\/\/ucnoqta.az\/index.php?rest_route=%2Fwp%2Fv2%2Ftags&post=112217"}],"curies":[{"name":"wp","href":"https:\/\/api.w.org\/{rel}","templated":true}]}}