{"id":112212,"date":"2021-02-05T12:27:46","date_gmt":"2021-02-05T08:27:46","guid":{"rendered":""},"modified":"-0001-11-30T00:00:00","modified_gmt":"-0001-11-29T20:00:00","slug":"","status":"publish","type":"post","link":"https:\/\/ucnoqta.az\/?p=112212","title":{"rendered":"V\u0259t\u0259n m\u00fcharib\u0259sind\u0259 bir sutkada 105 km. m\u0259saf\u0259d\u0259 ild\u0131r\u0131ms\u00fcr\u0259tli h\u00fccum h\u0259yata ke\u00e7irilib &#8211; <font color=red><b>FOTO<\/b><\/font>"},"content":{"rendered":"<p><strong>D&ouml;vl\u0259t S\u0259rh\u0259d Xidm\u0259tinin G&ouml;yt\u0259p\u0259 \u015f\u0259h\u0259rind\u0259 yerl\u0259\u015f\u0259n h\u0259rbi hiss\u0259sind\u0259 g\u0259nc \u0259sg\u0259rl\u0259rin andi&ccedil;m\u0259 m\u0259rasimi ke&ccedil;irilib.<\/strong><\/p>\n<p>Bu bar\u0259d\u0259&nbsp;D&ouml;vl\u0259t S\u0259rh\u0259d Xidm\u0259tinin M\u0259tbuat M\u0259rk\u0259zind\u0259n m\u0259lumat verilib.<\/p>\n<p>G\u0259nc \u0259sg\u0259rl\u0259r t\u0259nt\u0259n\u0259li \u015f\u0259kild\u0259 h\u0259rbi anda g\u0259tirildikd\u0259n sonra t\u0259dbir i\u015ftirak&shy;&ccedil;\u0131lar\u0131na D&ouml;vl\u0259t S\u0259rh\u0259d Xidm\u0259tinin r\u0259isi general-polkovnik El&ccedil;in Quliyevin t\u0259brik telefonoqram\u0131 &ccedil;atd\u0131r\u0131l\u0131b.<\/p>\n<p>M\u0259rasimd\u0259 &ccedil;\u0131x\u0131\u015f ed\u0259nl\u0259r t\u0259dbirin V\u0259t\u0259n m&uuml;harib\u0259sind\u0259 m&ouml;ht\u0259&shy;\u015f\u0259m q\u0259l\u0259b\u0259nin co\u015fqusunun ya\u015fand\u0131\u011f\u0131 v\u0259 \u015f\u0259hidl\u0259rin xatir\u0259sinin ehtiramla yad edil&shy;diyi d&ouml;vr\u0259 t\u0259sad&uuml;f etm\u0259si il\u0259 \u0259lam\u0259tdar olmas\u0131, Az\u0259rbaycan Respubli&shy;kas\u0131n\u0131n Prezidenti, Silahl\u0131 Q&uuml;vv\u0259l\u0259rin M&uuml;z\u0259ff\u0259r Ali Ba\u015f Koman&shy;dan\u0131 \u0130lham \u018fliyevin r\u0259hb\u0259rliyi alt\u0131nda Silahl\u0131 Q&uuml;vv\u0259l\u0259r t\u0259r\u0259find\u0259n h\u0259yata ke&ccedil;iril\u0259n \u0259ks-h&uuml;cum \u0259m\u0259liyyatlar\u0131 n\u0259tic\u0259sind\u0259 &ouml;lk\u0259mizin \u0259razi b&uuml;t&ouml;vl&uuml;y&uuml;n&uuml;n b\u0259rpa olundu\u011fu, V\u0259t\u0259n m&uuml;harib\u0259sinin Az\u0259rbay&shy;can\u0131n Erm\u0259nistan &uuml;z\u0259rind\u0259 parlaq q\u0259l\u0259b\u0259si il\u0259 ba\u015fa &ccedil;atd\u0131\u011f\u0131 vur\u011fulay\u0131blar.<\/p>\n<p>V\u0259t\u0259n m&uuml;harib\u0259sind\u0259 M&uuml;z\u0259ff\u0259r Ali Ba\u015f Komandan\u0131n D&ouml;vl\u0259t S\u0259rh\u0259d Xidm\u0259&shy;tinin qar\u015f\u0131s\u0131na qoydu\u011fu d&ouml;y&uuml;\u015f tap\u015f\u0131r\u0131qlar\u0131n\u0131n u\u011furla icra edil\u0259r\u0259k Erm\u0259nistanla d&ouml;vl\u0259t s\u0259rh\u0259din\u0259d\u0259k b&ouml;y&uuml;k bir \u0259razinin azad edilm\u0259si, o c&uuml;ml\u0259d\u0259n 24 saat \u0259rzind\u0259 105 kilometr m\u0259saf\u0259d\u0259 ild\u0131r\u0131ms&uuml;r\u0259tli h&uuml;cumla d&uuml;\u015fm\u0259n\u0259 sars\u0131d\u0131c\u0131 z\u0259r&shy;b\u0259l\u0259rin endirilm\u0259si, Erm\u0259nistanla d&ouml;vl\u0259t s\u0259rh\u0259dind\u0259 strateji y&uuml;ks\u0259klikl\u0259rin \u0259l\u0259 ke&ccedil;irilm\u0259si, F&uuml;zuli, C\u0259bray\u0131l, Z\u0259ngilan, Qubadl\u0131 rayonlar\u0131n\u0131n, Hadrut q\u0259s\u0259b\u0259sinin v\u0259 \u015eu\u015fa \u015f\u0259h\u0259rinin azad olunmas\u0131nda Az\u0259rbaycan s\u0259rh\u0259d&ccedil;il\u0259rinin g&ouml;st\u0259rdikl\u0259ri q\u0259hr\u0259manl\u0131qlar q&uuml;rur hissi il\u0259 qeyd olunmu\u015f, i\u015f\u011faldan azad edilmi\u015f d&ouml;vl\u0259t s\u0259r&shy;h\u0259d&shy;l\u0259rimizin m&uuml;dafi\u0259si v\u0259 m&uuml;hafiz\u0259si &uuml;zr\u0259 z\u0259ruri infrastrukturun yarad\u0131lmas\u0131 istiqam\u0259tind\u0259 i\u015fl\u0259rin u\u011furla davam etdirilm\u0259si bildirilib.<\/p>\n<p>T\u0259dbird\u0259 V\u0259t\u0259n\u0259, d&ouml;vl\u0259t\u0259 s\u0259daq\u0259t and\u0131 i&ccedil;\u0259r\u0259k m&uuml;q\u0259dd\u0259s s\u0259rh\u0259d&shy;l\u0259rimizi \u015f\u0259r\u0259fl\u0259 qorumaq m\u0259suliy&shy;y\u0259tini &ouml;z &uuml;z\u0259rin\u0259 g&ouml;t&uuml;r\u0259n g\u0259nc \u0259sg\u0259rl\u0259rin h\u0259rbi anda daim sadiq qalacaq&shy;lar\u0131na \u0259minlik bildiril\u0259r\u0259k onlara m&uuml;v\u0259ff\u0259qiyy\u0259tl\u0259r arzulay\u0131blar.<\/p>\n<p>Karantin v\u0259 sosial m\u0259saf\u0259 qaydalar\u0131na ciddi \u0259m\u0259l edilm\u0259kl\u0259 t\u0259\u015fkil olunan m\u0259rasim g\u0259nc \u0259sg\u0259rl\u0259rin t\u0259nt\u0259n\u0259li mar\u015fla tribuna &ouml;n&uuml;nd\u0259n ke&ccedil;idi il\u0259 ba\u015fa &ccedil;at\u0131b.<\/p>\n<p>&nbsp;<\/p>\n","protected":false},"excerpt":{"rendered":"<p>D&ouml;vl\u0259t S\u0259rh\u0259d Xidm\u0259tinin G&ouml;yt\u0259p\u0259 \u015f\u0259h\u0259rind\u0259 yerl\u0259\u015f\u0259n h\u0259rbi hiss\u0259sind\u0259 g\u0259nc \u0259sg\u0259rl\u0259rin andi&ccedil;m\u0259 m\u0259rasimi ke&ccedil;irilib. Bu bar\u0259d\u0259&nbsp;D&ouml;vl\u0259t S\u0259rh\u0259d Xidm\u0259tinin M\u0259tbuat M\u0259rk\u0259zind\u0259n m\u0259lumat verilib. G\u0259nc \u0259sg\u0259rl\u0259r t\u0259nt\u0259n\u0259li \u015f\u0259kild\u0259 h\u0259rbi anda g\u0259tirildikd\u0259n sonra t\u0259dbir&hellip;<\/p>\n","protected":false},"author":1,"featured_media":251278,"comment_status":"open","ping_status":"open","sticky":false,"template":"","format":"standard","meta":{"_lmt_disableupdate":"","_lmt_disable":"","footnotes":""},"categories":[],"tags":[],"class_list":["post-112212","post","type-post","status-publish","format-standard","has-post-thumbnail","hentry"],"_links":{"self":[{"href":"https:\/\/ucnoqta.az\/index.php?rest_route=\/wp\/v2\/posts\/112212","targetHints":{"allow":["GET"]}}],"collection":[{"href":"https:\/\/ucnoqta.az\/index.php?rest_route=\/wp\/v2\/posts"}],"about":[{"href":"https:\/\/ucnoqta.az\/index.php?rest_route=\/wp\/v2\/types\/post"}],"author":[{"embeddable":true,"href":"https:\/\/ucnoqta.az\/index.php?rest_route=\/wp\/v2\/users\/1"}],"replies":[{"embeddable":true,"href":"https:\/\/ucnoqta.az\/index.php?rest_route=%2Fwp%2Fv2%2Fcomments&post=112212"}],"version-history":[{"count":0,"href":"https:\/\/ucnoqta.az\/index.php?rest_route=\/wp\/v2\/posts\/112212\/revisions"}],"wp:featuredmedia":[{"embeddable":true,"href":"https:\/\/ucnoqta.az\/index.php?rest_route=\/wp\/v2\/media\/251278"}],"wp:attachment":[{"href":"https:\/\/ucnoqta.az\/index.php?rest_route=%2Fwp%2Fv2%2Fmedia&parent=112212"}],"wp:term":[{"taxonomy":"category","embeddable":true,"href":"https:\/\/ucnoqta.az\/index.php?rest_route=%2Fwp%2Fv2%2Fcategories&post=112212"},{"taxonomy":"post_tag","embeddable":true,"href":"https:\/\/ucnoqta.az\/index.php?rest_route=%2Fwp%2Fv2%2Ftags&post=112212"}],"curies":[{"name":"wp","href":"https:\/\/api.w.org\/{rel}","templated":true}]}}