{"id":112206,"date":"2021-02-05T11:48:16","date_gmt":"2021-02-05T07:48:16","guid":{"rendered":""},"modified":"-0001-11-30T00:00:00","modified_gmt":"-0001-11-29T20:00:00","slug":"","status":"publish","type":"post","link":"https:\/\/ucnoqta.az\/?p=112206","title":{"rendered":"T\u00fcrkiy\u0259 mallar\u0131n\u0131 boykot ed\u0259n Pa\u015finyan Almat\u0131da t\u00fcrk otelind\u0259 qal\u0131r"},"content":{"rendered":"<p><strong>D\u00f6vl\u0259t b\u00fcdc\u0259si T\u00fcrkiy\u0259nin bir \u015f\u0259h\u0259rinin b\u00fcdc\u0259si q\u0259d\u0259r olan Erm\u0259nistanda T\u00fcrkiy\u0259y\u0259 sanksiya t\u0259tbiq etm\u0259k, onun iqtisadiyyat\u0131na ziyan vurmaq m\u0259qs\u0259dil\u0259 d\u00f6vl\u0259t s\u0259viyy\u0259sind\u0259 t\u00fcrk mallar\u0131n\u0131n \u00f6lk\u0259y\u0259 g\u0259tirilm\u0259si qada\u011fan olunub.<\/strong><\/p>\n<p>R\u0259smi Yeravan\u0131n bu boykot kampaniyas\u0131na baxmayaraq, \u00f6lk\u0259nin ba\u015f naziri\u00a0Nikol Pa\u015finyan\u00a0xaric\u0259 s\u0259f\u0259r zaman\u0131 t\u00fcrk mallar\u0131 v\u0259 xidm\u0259tl\u0259rin\u0259 daha \u00e7ox \u00fcst\u00fcnl\u00fck verir.<\/p>\n<p>Ba\u015f nazir Avrasiya \u0130qtisadi \u0130ttifaq\u0131n\u0131n H\u00f6kum\u0259tl\u0259raras\u0131 \u015euras\u0131n\u0131n iclas\u0131nda i\u015ftirak etm\u0259k \u00fc\u00e7\u00fcn Qazax\u0131stan\u0131n Almat\u0131 \u015f\u0259h\u0259rin\u0259 gedib. N.Pa\u015finyan Qazax\u0131stan\u0131n \u0259n b\u00f6y\u00fck \u015f\u0259h\u0259rind\u0259 gec\u0259l\u0259m\u0259k \u00fc\u00e7\u00fcn m\u0259hz t\u00fcrk i\u015f adam\u0131\u00a0Fettah\u00a0Tamincey\u0259 m\u0259xsus \u201cRixos\u201d otell\u0259r \u015f\u0259b\u0259k\u0259sinin be\u015fulduzlu mehmanxanas\u0131nda qal\u0131b.<\/p>\n<p>Bundan ba\u015fqa, erm\u0259ni politoloq\u00a0Andranik Ovannisyan\u0131n teleqramda yazd\u0131\u011f\u0131na g\u00f6r\u0259, ba\u015f nazir Qazax\u0131stana\u00a050\u00a0m\u00fchafiz\u0259\u00e7i il\u0259 yollan\u0131b. Onlar\u0131n \u0259ks\u0259riyy\u0259ti m\u00fc\u015favir v\u0259 m\u00fct\u0259x\u0259ssis kimi qeydiyyatdan ke\u00e7ibl\u0259r. Ba\u015f nazirin qorxudu\u011funa i\u015far\u0259 ed\u0259n politoloq m\u00fchafiz\u0259\u00e7il\u0259rin sutka boyu h\u0259m otelin daxilind\u0259, h\u0259m d\u0259 xaricind\u0259 n\u00f6vb\u0259t\u00e7ilik etdiyini bildirib: \u201cBa\u015f nazirin n\u00f6mr\u0259sind\u0259 h\u0259l\u0259 d\u0259 i\u015f\u0131q s\u00f6nm\u0259yib, g\u00f6r\u00fcn\u00fcr, yata bilmir. Y\u0259qin, rusca m\u0259tn \u0259zb\u0259rl\u0259yir\u201d.\/\/\/report<\/p>\n","protected":false},"excerpt":{"rendered":"<p>D\u00f6vl\u0259t b\u00fcdc\u0259si T\u00fcrkiy\u0259nin bir \u015f\u0259h\u0259rinin b\u00fcdc\u0259si q\u0259d\u0259r olan Erm\u0259nistanda T\u00fcrkiy\u0259y\u0259 sanksiya t\u0259tbiq etm\u0259k, onun iqtisadiyyat\u0131na ziyan vurmaq m\u0259qs\u0259dil\u0259 d\u00f6vl\u0259t s\u0259viyy\u0259sind\u0259 t\u00fcrk mallar\u0131n\u0131n \u00f6lk\u0259y\u0259 g\u0259tirilm\u0259si qada\u011fan olunub. R\u0259smi Yeravan\u0131n bu boykot&hellip;<\/p>\n","protected":false},"author":1,"featured_media":251278,"comment_status":"open","ping_status":"open","sticky":false,"template":"","format":"standard","meta":{"_lmt_disableupdate":"","_lmt_disable":"","footnotes":""},"categories":[89],"tags":[],"class_list":["post-112206","post","type-post","status-publish","format-standard","has-post-thumbnail","hentry","category-dunya-butun-xeberler"],"_links":{"self":[{"href":"https:\/\/ucnoqta.az\/index.php?rest_route=\/wp\/v2\/posts\/112206","targetHints":{"allow":["GET"]}}],"collection":[{"href":"https:\/\/ucnoqta.az\/index.php?rest_route=\/wp\/v2\/posts"}],"about":[{"href":"https:\/\/ucnoqta.az\/index.php?rest_route=\/wp\/v2\/types\/post"}],"author":[{"embeddable":true,"href":"https:\/\/ucnoqta.az\/index.php?rest_route=\/wp\/v2\/users\/1"}],"replies":[{"embeddable":true,"href":"https:\/\/ucnoqta.az\/index.php?rest_route=%2Fwp%2Fv2%2Fcomments&post=112206"}],"version-history":[{"count":0,"href":"https:\/\/ucnoqta.az\/index.php?rest_route=\/wp\/v2\/posts\/112206\/revisions"}],"wp:featuredmedia":[{"embeddable":true,"href":"https:\/\/ucnoqta.az\/index.php?rest_route=\/wp\/v2\/media\/251278"}],"wp:attachment":[{"href":"https:\/\/ucnoqta.az\/index.php?rest_route=%2Fwp%2Fv2%2Fmedia&parent=112206"}],"wp:term":[{"taxonomy":"category","embeddable":true,"href":"https:\/\/ucnoqta.az\/index.php?rest_route=%2Fwp%2Fv2%2Fcategories&post=112206"},{"taxonomy":"post_tag","embeddable":true,"href":"https:\/\/ucnoqta.az\/index.php?rest_route=%2Fwp%2Fv2%2Ftags&post=112206"}],"curies":[{"name":"wp","href":"https:\/\/api.w.org\/{rel}","templated":true}]}}