{"id":112201,"date":"2021-02-05T11:26:53","date_gmt":"2021-02-05T07:26:53","guid":{"rendered":""},"modified":"-0001-11-30T00:00:00","modified_gmt":"-0001-11-29T20:00:00","slug":"","status":"publish","type":"post","link":"https:\/\/ucnoqta.az\/?p=112201","title":{"rendered":"Kamil Zeynall\u0131n\u0131n t\u0259ltif olunmas\u0131 x\u0259b\u0259ri haqda &#8211;<font color=red><b> R\u0259smi a\u00e7\u0131qlama<\/b><\/font>"},"content":{"rendered":"<p><strong>S\u0259f\u0259rb\u0259rlik v\u0259 H\u0259rbi Xidm\u0259t\u0259 &Ccedil;a\u011f\u0131r\u0131\u015f &uuml;zr\u0259 D&ouml;vl\u0259t Xidm\u0259ti Kamil Zeynall\u0131n\u0131n t\u0259ltif edilm\u0259siyl\u0259 ba\u011fl\u0131 yay\u0131lan m\u0259lumatlara m&uuml;nasib\u0259t bildirib.&nbsp;<\/strong><\/p>\n<p>&nbsp;D&ouml;vl\u0259t Xidm\u0259ti bildirir ki, b\u0259zi sosial \u015f\u0259b\u0259k\u0259 hesablar\u0131nda v\u0259 x\u0259b\u0259r saytlar\u0131nda Kamil Zeynall\u0131 adl\u0131 v\u0259t\u0259nda\u015f\u0131n Az\u0259rbaycan Respublikas\u0131n\u0131n S\u0259f\u0259rb\u0259rlik v\u0259 H\u0259rbi Xidm\u0259t\u0259 &Ccedil;a\u011f\u0131r\u0131\u015f\u0131 &uuml;zr\u0259 D&ouml;vl\u0259t Xidm\u0259ti t\u0259r\u0259find\u0259n t\u0259ltif olunmas\u0131 bar\u0259d\u0259 h\u0259qiq\u0259t\u0259 uy\u011fun olmayan m\u0259lumatlar yay\u0131l\u0131b:<\/p>\n<p>&quot;H\u0259min \u015f\u0259xs S\u0259f\u0259rb\u0259rlik v\u0259 H\u0259rbi Xidm\u0259t\u0259 &Ccedil;a\u011f\u0131r\u0131\u015f &uuml;zr\u0259 D&ouml;vl\u0259t Xidm\u0259ti t\u0259r\u0259find\u0259n he&ccedil; bir medal v\u0259 m&uuml;kafatla t\u0259ltif edilm\u0259yib&quot;.<\/p>\n<p>Qeyd ed\u0259k ki, K.Zeynall\u0131 Az\u0259rbaycan V\u0259t\u0259n M&uuml;harib\u0259si Veteranlar\u0131 \u0130ctimai Birliyi t\u0259r\u0259find\u0259n t\u0259ltif edilib. Bu bar\u0259d\u0259 m\u0259lumat t\u0259ltifnam\u0259nin m&ouml;h&uuml;r yerind\u0259 d\u0259 g&ouml;r&uuml;n&uuml;r.&nbsp;<\/p>\n<p>&nbsp;<\/p>\n","protected":false},"excerpt":{"rendered":"<p>S\u0259f\u0259rb\u0259rlik v\u0259 H\u0259rbi Xidm\u0259t\u0259 &Ccedil;a\u011f\u0131r\u0131\u015f &uuml;zr\u0259 D&ouml;vl\u0259t Xidm\u0259ti Kamil Zeynall\u0131n\u0131n t\u0259ltif edilm\u0259siyl\u0259 ba\u011fl\u0131 yay\u0131lan m\u0259lumatlara m&uuml;nasib\u0259t bildirib.&nbsp; &nbsp;D&ouml;vl\u0259t Xidm\u0259ti bildirir ki, b\u0259zi sosial \u015f\u0259b\u0259k\u0259 hesablar\u0131nda v\u0259 x\u0259b\u0259r saytlar\u0131nda Kamil Zeynall\u0131&hellip;<\/p>\n","protected":false},"author":1,"featured_media":251278,"comment_status":"open","ping_status":"open","sticky":false,"template":"","format":"standard","meta":{"_lmt_disableupdate":"","_lmt_disable":"","footnotes":""},"categories":[101],"tags":[],"class_list":["post-112201","post","type-post","status-publish","format-standard","has-post-thumbnail","hentry","category-cemiyyet"],"_links":{"self":[{"href":"https:\/\/ucnoqta.az\/index.php?rest_route=\/wp\/v2\/posts\/112201","targetHints":{"allow":["GET"]}}],"collection":[{"href":"https:\/\/ucnoqta.az\/index.php?rest_route=\/wp\/v2\/posts"}],"about":[{"href":"https:\/\/ucnoqta.az\/index.php?rest_route=\/wp\/v2\/types\/post"}],"author":[{"embeddable":true,"href":"https:\/\/ucnoqta.az\/index.php?rest_route=\/wp\/v2\/users\/1"}],"replies":[{"embeddable":true,"href":"https:\/\/ucnoqta.az\/index.php?rest_route=%2Fwp%2Fv2%2Fcomments&post=112201"}],"version-history":[{"count":0,"href":"https:\/\/ucnoqta.az\/index.php?rest_route=\/wp\/v2\/posts\/112201\/revisions"}],"wp:featuredmedia":[{"embeddable":true,"href":"https:\/\/ucnoqta.az\/index.php?rest_route=\/wp\/v2\/media\/251278"}],"wp:attachment":[{"href":"https:\/\/ucnoqta.az\/index.php?rest_route=%2Fwp%2Fv2%2Fmedia&parent=112201"}],"wp:term":[{"taxonomy":"category","embeddable":true,"href":"https:\/\/ucnoqta.az\/index.php?rest_route=%2Fwp%2Fv2%2Fcategories&post=112201"},{"taxonomy":"post_tag","embeddable":true,"href":"https:\/\/ucnoqta.az\/index.php?rest_route=%2Fwp%2Fv2%2Ftags&post=112201"}],"curies":[{"name":"wp","href":"https:\/\/api.w.org\/{rel}","templated":true}]}}