{"id":112196,"date":"2021-02-05T10:42:07","date_gmt":"2021-02-05T06:42:07","guid":{"rendered":""},"modified":"-0001-11-30T00:00:00","modified_gmt":"-0001-11-29T20:00:00","slug":"","status":"publish","type":"post","link":"https:\/\/ucnoqta.az\/?p=112196","title":{"rendered":"Koronavirusla ba\u011fl\u0131 mahn\u0131 \u201cEurovision\u201dda q\u0259bul olunmad\u0131 &#8211;<font color=red><b> Video<\/b><\/font>"},"content":{"rendered":"<p><strong>Ukraynan\u0131n &ldquo;Eurovision&rdquo; &uuml;&ccedil;&uuml;n t\u0259qdim etdiyi mahn\u0131 q\u0259bul edilm\u0259yib.<\/strong><\/p>\n<p>Buna s\u0259b\u0259b &ldquo;Go_A&rdquo; qrupunun s\u0259sl\u0259ndirdiyi &ldquo;Shum&rdquo; mahn\u0131s\u0131n\u0131n 4 d\u0259qiq\u0259d\u0259n art\u0131q olmas\u0131d\u0131r.<\/p>\n<p>Qaydalara \u0259sas\u0259n, s&ouml;z&uuml;ged\u0259n b\u0259st\u0259 3 d\u0259qiq\u0259y\u0259 endiril\u0259c\u0259k v\u0259 mart ay\u0131nda yenid\u0259n ictimaiyy\u0259t\u0259 t\u0259qdim olunacaq.<\/p>\n<p>Qeyd ed\u0259k ki, qrup &uuml;&ccedil;&uuml;n &ldquo;Shum&rdquo;, &ldquo;Rano&rdquo; ve &ldquo;Tserkovka&rdquo; b\u0259st\u0259l\u0259ri haz\u0131rlan\u0131b, aralar\u0131nda Jamalan\u0131n da (&ldquo;Eurovision- 2014&rdquo; qalibi- red.) oldu\u011fu m&uuml;nsifl\u0259r hey\u0259ti se&ccedil;imini edib.<\/p>\n<p>Layih\u0259d\u0259 &ouml;t\u0259n ild\u0259n d&uuml;nya g&uuml;nd\u0259mini z\u0259bt ed\u0259n koronavirus pandemiyas\u0131na da toxunulub, geyim v\u0259 xoreoqrafiya il\u0259 mesajlar verilib.\/\/\/qafqazinfo<\/p>\n<p><iframe allow=\"accelerometer; autoplay; clipboard-write; encrypted-media; gyroscope; picture-in-picture\" allowfullscreen=\"\" frameborder=\"0\" height=\"315\" src=\"https:\/\/www.youtube.com\/embed\/sDeMfL8Ib9A\" width=\"560\"><\/iframe><\/p>\n","protected":false},"excerpt":{"rendered":"<p>Ukraynan\u0131n &ldquo;Eurovision&rdquo; &uuml;&ccedil;&uuml;n t\u0259qdim etdiyi mahn\u0131 q\u0259bul edilm\u0259yib. Buna s\u0259b\u0259b &ldquo;Go_A&rdquo; qrupunun s\u0259sl\u0259ndirdiyi &ldquo;Shum&rdquo; mahn\u0131s\u0131n\u0131n 4 d\u0259qiq\u0259d\u0259n art\u0131q olmas\u0131d\u0131r. Qaydalara \u0259sas\u0259n, s&ouml;z&uuml;ged\u0259n b\u0259st\u0259 3 d\u0259qiq\u0259y\u0259 endiril\u0259c\u0259k v\u0259 mart ay\u0131nda yenid\u0259n&hellip;<\/p>\n","protected":false},"author":1,"featured_media":251278,"comment_status":"open","ping_status":"open","sticky":false,"template":"","format":"standard","meta":{"_lmt_disableupdate":"","_lmt_disable":"","footnotes":""},"categories":[92],"tags":[],"class_list":["post-112196","post","type-post","status-publish","format-standard","has-post-thumbnail","hentry","category-maqazin"],"_links":{"self":[{"href":"https:\/\/ucnoqta.az\/index.php?rest_route=\/wp\/v2\/posts\/112196","targetHints":{"allow":["GET"]}}],"collection":[{"href":"https:\/\/ucnoqta.az\/index.php?rest_route=\/wp\/v2\/posts"}],"about":[{"href":"https:\/\/ucnoqta.az\/index.php?rest_route=\/wp\/v2\/types\/post"}],"author":[{"embeddable":true,"href":"https:\/\/ucnoqta.az\/index.php?rest_route=\/wp\/v2\/users\/1"}],"replies":[{"embeddable":true,"href":"https:\/\/ucnoqta.az\/index.php?rest_route=%2Fwp%2Fv2%2Fcomments&post=112196"}],"version-history":[{"count":0,"href":"https:\/\/ucnoqta.az\/index.php?rest_route=\/wp\/v2\/posts\/112196\/revisions"}],"wp:featuredmedia":[{"embeddable":true,"href":"https:\/\/ucnoqta.az\/index.php?rest_route=\/wp\/v2\/media\/251278"}],"wp:attachment":[{"href":"https:\/\/ucnoqta.az\/index.php?rest_route=%2Fwp%2Fv2%2Fmedia&parent=112196"}],"wp:term":[{"taxonomy":"category","embeddable":true,"href":"https:\/\/ucnoqta.az\/index.php?rest_route=%2Fwp%2Fv2%2Fcategories&post=112196"},{"taxonomy":"post_tag","embeddable":true,"href":"https:\/\/ucnoqta.az\/index.php?rest_route=%2Fwp%2Fv2%2Ftags&post=112196"}],"curies":[{"name":"wp","href":"https:\/\/api.w.org\/{rel}","templated":true}]}}