{"id":112181,"date":"2021-02-04T22:31:12","date_gmt":"2021-02-04T18:31:12","guid":{"rendered":""},"modified":"-0001-11-30T00:00:00","modified_gmt":"-0001-11-29T20:00:00","slug":"","status":"publish","type":"post","link":"https:\/\/ucnoqta.az\/?p=112181","title":{"rendered":"X\u0130N-d\u0259 geni\u015f t\u0259rkibli kollegiya iclas\u0131 ke\u00e7irilib"},"content":{"rendered":"<p><strong>Az\u0259rbaycan Respublikas\u0131n\u0131n Xarici \u0130\u015fl\u0259r Nazirliyinin (X\u0130N) geni\u015f t\u0259rkibli kollegiya iclas\u0131 ke&ccedil;irilib.<\/strong><\/p>\n<p>Xarici \u0130\u015fl\u0259r Nazirliyind\u0259n ucnoqta.az-a bildirilib ki, iclasda X\u0130N-in kollegiya &uuml;zvl\u0259ri, x&uuml;susi tap\u015f\u0131r\u0131qlar &uuml;zr\u0259 s\u0259firl\u0259r v\u0259 struktur b&ouml;lm\u0259l\u0259rin r\u0259hb\u0259rl\u0259ri i\u015ftirak edibl\u0259r.<\/p>\n<p>\u0130clas\u0131 giri\u015f s&ouml;z&uuml; il\u0259 a&ccedil;an xarici i\u015fl\u0259r naziri Ceyhun Bayramov &ouml;lk\u0259mizin V\u0259t\u0259n m&uuml;harib\u0259sind\u0259 \u015fanl\u0131 q\u0259l\u0259b\u0259 qazanaraq &ouml;z \u0259razi b&uuml;t&ouml;vl&uuml;y&uuml;n&uuml; t\u0259min etdikd\u0259n sonra xarici siyas\u0259t sah\u0259sind\u0259ki yaranm\u0131\u015f yeni reall\u0131qlar v\u0259 yeni &ccedil;a\u011f\u0131r\u0131\u015flar bar\u0259d\u0259 dan\u0131\u015f\u0131b.<\/p>\n<p>Nazir &ouml;lk\u0259 ba\u015f&ccedil;\u0131s\u0131 t\u0259r\u0259find\u0259n qar\u015f\u0131da qoyulan \u0259sas v\u0259zif\u0259l\u0259r\u0259 istinad ed\u0259r\u0259k, bu s\u0131rada diplomatiyam\u0131z\u0131n yeni reall\u0131qlara uy\u011fun olaraq f\u0259al \u015f\u0259kild\u0259 h\u0259yata ke&ccedil;irilm\u0259si, Az\u0259rbaycan h\u0259qiq\u0259tl\u0259rinin d&uuml;nya ictimaiyy\u0259tin\u0259 ard\u0131c\u0131l, sistemli v\u0259 s\u0259m\u0259r\u0259li \u015f\u0259kild\u0259 &ccedil;atd\u0131r\u0131lmas\u0131, bu istiqam\u0259td\u0259 xaricd\u0259ki diplomatik n&uuml;may\u0259nd\u0259likl\u0259rimizin f\u0259aliyy\u0259tinin canland\u0131r\u0131lmas\u0131, onlar\u0131n diaspora t\u0259\u015fkilatlar\u0131 il\u0259 s\u0131x \u0259laq\u0259d\u0259 f\u0259aliyy\u0259t g&ouml;st\u0259rm\u0259si v\u0259 dig\u0259r m\u0259s\u0259l\u0259l\u0259ri qeyd edib. Nazir bu v\u0259zif\u0259l\u0259rin icras\u0131 m\u0259qs\u0259dil\u0259 i\u015f\u0259 pe\u015f\u0259kar v\u0259 v\u0259t\u0259np\u0259rv\u0259r kadrlar\u0131n c\u0259lb edilm\u0259sinin z\u0259ruri oldu\u011funu vur\u011fulay\u0131b.<\/p>\n<p>\u0130clas zaman\u0131 X\u0130N-in struktur b&ouml;lm\u0259 r\u0259hb\u0259rl\u0259ri t\u0259r\u0259find\u0259n a\u015fa\u011f\u0131da qeyd olunan m\u0259s\u0259l\u0259l\u0259r\u0259 dair m\u0259lumatlar t\u0259qdim edilib.<br \/>\nH\u0259yata ke&ccedil;iril\u0259n struktur islahatlar\u0131 &ccedil;\u0259r&ccedil;iv\u0259sind\u0259 2020-ci ilin noyabr ay\u0131ndan ba\u015flayaraq xaricd\u0259ki diplomatik n&uuml;may\u0259nd\u0259likl\u0259rimiz\u0259 g&ouml;nd\u0259ril\u0259c\u0259k kadrlar\u0131n m&ouml;vcud vakansiyalara uy\u011fun olaraq t\u0259\u015fkil edilmi\u015f X\u0130N daxili m&uuml;sabiq\u0259 n\u0259tic\u0259sind\u0259 se&ccedil;ilm\u0259si bar\u0259d\u0259 m\u0259lumat verilib.<\/p>\n<p>Habel\u0259, yeni se&ccedil;im meyarlar\u0131 \u0259sas\u0131nda X\u0130N-\u0259 i\u015f\u0259 q\u0259bul sistemi m&uuml;zakir\u0259 edilib. X\u0130N-in kadr siyas\u0259tind\u0259 \u015f\u0259ffafl\u0131\u011f\u0131 t\u0259min etm\u0259k m\u0259qs\u0259dil\u0259 cari il \u0259rzind\u0259 Nazirlikd\u0259 i\u015f\u0259 q\u0259bulun ictimaiyy\u0259t &uuml;&ccedil;&uuml;n a&ccedil;\u0131q m&uuml;sabiq\u0259 \u0259sas\u0131nda t\u0259\u015fkil edil\u0259c\u0259yi, bununla yana\u015f\u0131, bu ild\u0259n ba\u015flayaraq m&ouml;vcud kadrlar\u0131n m&uuml;xt\u0259lif ixtisasart\u0131rma proqramlar\u0131na f\u0259al \u015f\u0259kild\u0259 c\u0259lb edilm\u0259sinin t\u0259min edil\u0259c\u0259yi bildirilib.<\/p>\n<p>Faydal\u0131 i\u015f \u0259msal\u0131n\u0131n art\u0131r\u0131lmas\u0131 m\u0259qs\u0259dil\u0259 Nazirlikd\u0259 yeni elektron s\u0259n\u0259d d&ouml;vriyy\u0259si sistemi t\u0259tbiq edildiyi, s\u0259n\u0259dl\u0259rin vaxt\u0131nda v\u0259 tam icras\u0131 n\u0259zar\u0259t\u0259 g&ouml;t&uuml;r&uuml;ld&uuml;y&uuml;, AR v\u0259 xarici &ouml;lk\u0259l\u0259rin v\u0259t\u0259nda\u015flar\u0131na konsulluq xidm\u0259tl\u0259rinin g&ouml;st\u0259rilm\u0259si sah\u0259sind\u0259 xidm\u0259tl\u0259rin elektronla\u015fd\u0131r\u0131lmas\u0131 &uuml;zr\u0259 bir ne&ccedil;\u0259 layih\u0259y\u0259 start verildiyi qeyd olunub.<\/p>\n<p>Kollegiya iclas\u0131n\u0131n i\u015ftirak&ccedil;\u0131lar\u0131 g&uuml;nd\u0259liy\u0259 daxil olan m\u0259s\u0259l\u0259l\u0259r &uuml;zr\u0259 \u0259trafl\u0131 fikir m&uuml;badil\u0259si apar\u0131blar. Yax\u0131n zamanlarda diplomatik n&uuml;may\u0259nd\u0259likl\u0259rimizin r\u0259hb\u0259rl\u0259rinin i\u015ftirak\u0131 il\u0259 m&uuml;vafiq g&ouml;r&uuml;\u015f&uuml;n ke&ccedil;iril\u0259c\u0259yi qeyd olunub.<\/p>\n","protected":false},"excerpt":{"rendered":"<p>Az\u0259rbaycan Respublikas\u0131n\u0131n Xarici \u0130\u015fl\u0259r Nazirliyinin (X\u0130N) geni\u015f t\u0259rkibli kollegiya iclas\u0131 ke&ccedil;irilib. Xarici \u0130\u015fl\u0259r Nazirliyind\u0259n ucnoqta.az-a bildirilib ki, iclasda X\u0130N-in kollegiya &uuml;zvl\u0259ri, x&uuml;susi tap\u015f\u0131r\u0131qlar &uuml;zr\u0259 s\u0259firl\u0259r v\u0259 struktur b&ouml;lm\u0259l\u0259rin r\u0259hb\u0259rl\u0259ri i\u015ftirak&hellip;<\/p>\n","protected":false},"author":1,"featured_media":251278,"comment_status":"open","ping_status":"open","sticky":false,"template":"","format":"standard","meta":{"_lmt_disableupdate":"","_lmt_disable":"","footnotes":""},"categories":[86],"tags":[],"class_list":["post-112181","post","type-post","status-publish","format-standard","has-post-thumbnail","hentry","category-siyaset"],"_links":{"self":[{"href":"https:\/\/ucnoqta.az\/index.php?rest_route=\/wp\/v2\/posts\/112181","targetHints":{"allow":["GET"]}}],"collection":[{"href":"https:\/\/ucnoqta.az\/index.php?rest_route=\/wp\/v2\/posts"}],"about":[{"href":"https:\/\/ucnoqta.az\/index.php?rest_route=\/wp\/v2\/types\/post"}],"author":[{"embeddable":true,"href":"https:\/\/ucnoqta.az\/index.php?rest_route=\/wp\/v2\/users\/1"}],"replies":[{"embeddable":true,"href":"https:\/\/ucnoqta.az\/index.php?rest_route=%2Fwp%2Fv2%2Fcomments&post=112181"}],"version-history":[{"count":0,"href":"https:\/\/ucnoqta.az\/index.php?rest_route=\/wp\/v2\/posts\/112181\/revisions"}],"wp:featuredmedia":[{"embeddable":true,"href":"https:\/\/ucnoqta.az\/index.php?rest_route=\/wp\/v2\/media\/251278"}],"wp:attachment":[{"href":"https:\/\/ucnoqta.az\/index.php?rest_route=%2Fwp%2Fv2%2Fmedia&parent=112181"}],"wp:term":[{"taxonomy":"category","embeddable":true,"href":"https:\/\/ucnoqta.az\/index.php?rest_route=%2Fwp%2Fv2%2Fcategories&post=112181"},{"taxonomy":"post_tag","embeddable":true,"href":"https:\/\/ucnoqta.az\/index.php?rest_route=%2Fwp%2Fv2%2Ftags&post=112181"}],"curies":[{"name":"wp","href":"https:\/\/api.w.org\/{rel}","templated":true}]}}