{"id":112168,"date":"2021-02-04T17:30:53","date_gmt":"2021-02-04T13:30:53","guid":{"rendered":""},"modified":"-0001-11-30T00:00:00","modified_gmt":"-0001-11-29T20:00:00","slug":"","status":"publish","type":"post","link":"https:\/\/ucnoqta.az\/?p=112168","title":{"rendered":"Qay\u0131natas\u0131 t\u0259r\u0259find\u0259n \u00f6ld\u00fcr\u00fcl\u00fcb zibil qab\u0131na at\u0131lan qad\u0131n\u0131n \u00f6vladlar\u0131 n\u0259zar\u0259t\u0259 g\u00f6t\u00fcr\u00fcld\u00fc"},"content":{"rendered":"<p><strong>Ail\u0259, Qad\u0131n v\u0259 U\u015faq probleml\u0259ri &uuml;zr\u0259 D&ouml;vl\u0259t Komit\u0259si Bak\u0131da qay\u0131natas\u0131 t\u0259r\u0259find\u0259n do\u011franaraq q\u0259tl\u0259 yetiril\u0259n qad\u0131n\u0131n iki azya\u015fl\u0131 &ouml;vlad\u0131n\u0131n n\u0259zar\u0259t\u0259 g&ouml;t&uuml;r&uuml;b.<\/strong><\/p>\n<p>Bu bar\u0259d\u0259 Trend-\u0259 a&ccedil;\u0131qlamas\u0131nda komit\u0259nin M\u0259tbuat xidm\u0259tinin r\u0259hb\u0259ri Teymur M\u0259rdano\u011flu deyib. O bildirib ki, hadis\u0259 ba\u015f ver\u0259n g&uuml;n komit\u0259 d\u0259rhal m\u0259s\u0259l\u0259 il\u0259 maraqlan\u0131b v\u0259 m\u0259s\u0259l\u0259ni n\u0259zar\u0259t\u0259 g&ouml;t&uuml;r&uuml;b:<\/p>\n<p>&quot;Bu hadis\u0259 h\u0259r birimizi k\u0259d\u0259rl\u0259ndirir, g\u0259nc anan\u0131n x&uuml;susi amans\u0131zl\u0131qla q\u0259tl\u0259 yetirilm\u0259si v\u0259 iki azya\u015fl\u0131 &ouml;vlad\u0131n\u0131n valideynsiz qalmas\u0131ndan t\u0259\u0259ss&uuml;fl\u0259nirik. Komit\u0259 bu hadis\u0259 il\u0259 ba\u011fl\u0131 ara\u015fd\u0131rmalar apar\u0131b v\u0259 anas\u0131n\u0131 itir\u0259n iki azya\u015fl\u0131n\u0131 m&uuml;t\u0259madi n\u0259zar\u0259td\u0259 saxlay\u0131r. Haz\u0131rda i\u015f &uuml;zr\u0259 istintaq gedir v\u0259 u\u015faqlar ata n\u0259n\u0259sinin himay\u0259sind\u0259dir. \u0130stintaq ba\u015fa &ccedil;atandan sonra \u0259g\u0259r ehtiyac yaranarsa, u\u015faqlar ail\u0259d\u0259n al\u0131n\u0131b d&ouml;vl\u0259t himay\u0259sin\u0259 veril\u0259c\u0259k&quot;.<\/p>\n<p>Xat\u0131rladaq ki. yanvar\u0131n 27-d\u0259 saat 01 rad\u0259l\u0259rind\u0259 N\u0259simi rayonu 4-c&uuml; mikrorayon \u0259razisind\u0259 yerl\u0259\u015f\u0259n m\u0259i\u015f\u0259t tullant\u0131lar\u0131n\u0131n at\u0131lmas\u0131 &uuml;&ccedil;&uuml;n n\u0259z\u0259rd\u0259 tutulmu\u015f zibil qutular\u0131nda 5 \u0259d\u0259d torbada do\u011franm\u0131\u015f v\u0259ziyy\u0259td\u0259 nam\u0259lum qad\u0131n meyitinin hiss\u0259l\u0259rinin a\u015fkar edilm\u0259si fakt\u0131 il\u0259 ba\u011fl\u0131 N\u0259simi rayon prokurorlu\u011funda Cinay\u0259t M\u0259c\u0259ll\u0259sinin 120.1-ci (q\u0259sd\u0259n adam &ouml;ld&uuml;rm\u0259) madd\u0259si il\u0259 ba\u015flanm\u0131\u015f cinay\u0259t i\u015fi &uuml;zr\u0259 intensiv istintaq h\u0259r\u0259k\u0259tl\u0259ri v\u0259 \u0259m\u0259liyyat-axtar\u0131\u015f t\u0259dbirl\u0259ri h\u0259yata ke&ccedil;irilib.<\/p>\n<p>T\u0259xir\u0259sal\u0131nmaz istintaq-\u0259m\u0259liyyat t\u0259dbirl\u0259ri n\u0259tic\u0259sind\u0259 a\u015fkar edilmi\u015f nam\u0259lum qad\u0131n meyitinin 1989-cu il t\u0259v\u0259ll&uuml;dl&uuml; M\u0259h\u0259rr\u0259mova Ban\u0131 Xudayar q\u0131z\u0131 olmas\u0131 m&uuml;\u0259yy\u0259n edilib.<\/p>\n<p>Prokurorluq v\u0259 polis \u0259m\u0259kda\u015flar\u0131 t\u0259r\u0259find\u0259n pe\u015f\u0259karl\u0131qla birg\u0259 h\u0259yata ke&ccedil;irilmi\u015f t\u0259dbirl\u0259r n\u0259tic\u0259sind\u0259 z\u0259r\u0259r&ccedil;\u0259kmi\u015fin qay\u0131natas\u0131 1946-c\u0131 il t\u0259v\u0259ll&uuml;dl&uuml; \u0130dris M\u0259h\u0259rr\u0259movun g\u0259lini Ban\u0131 M\u0259h\u0259rr\u0259mova il\u0259 ail\u0259 m\u0259i\u015f\u0259t z\u0259minind\u0259 m&uuml;bahis\u0259 zaman\u0131 sonuncunun ba\u015f nahiyy\u0259sind\u0259n &ccedil;\u0259kicl\u0259 vurub &ccedil;oxsayl\u0131 b\u0131caq z\u0259rb\u0259l\u0259ri yetir\u0259r\u0259k onu x&uuml;susi amans\u0131zl\u0131qla q\u0259sd\u0259n &ouml;ld&uuml;rm\u0259sin\u0259, daha sonra m\u0259tb\u0259x b\u0131&ccedil;a\u011f\u0131 v\u0259 balta il\u0259 meyiti ayr\u0131-ayr\u0131 hiss\u0259l\u0259r\u0259 par&ccedil;alayaraq torbalara y\u0131\u011f\u0131b m\u0259i\u015f\u0259t tullant\u0131lar\u0131n\u0131n at\u0131lmas\u0131 &uuml;&ccedil;&uuml;n n\u0259z\u0259rd\u0259 tutulmu\u015f zibil qutular\u0131na atmas\u0131na \u0259sasl\u0131 \u015f&uuml;bh\u0259l\u0259r m&uuml;\u0259yy\u0259n edilib.<\/p>\n<p>29 yanvar 2021-ci il tarixd\u0259 \u0130dris M\u0259h\u0259rr\u0259mov Cinay\u0259t M\u0259c\u0259ll\u0259sinin 120.2.4 (x&uuml;susi amans\u0131zl\u0131qla v\u0259 ya &uuml;mumi t\u0259hl&uuml;k\u0259li &uuml;sulla adam &ouml;ld&uuml;rm\u0259) v\u0259 245-ci (q\u0259bir v\u0259 ya meyit &uuml;z\u0259rind\u0259 t\u0259hqiredici h\u0259r\u0259k\u0259t) madd\u0259l\u0259ri il\u0259 t\u0259qsirl\u0259ndiril\u0259n \u015f\u0259xs qismind\u0259 c\u0259lb edil\u0259r\u0259k bar\u0259sind\u0259 m\u0259hk\u0259m\u0259nin q\u0259rar\u0131 il\u0259 h\u0259bs q\u0259timkan t\u0259dbiri se&ccedil;ilib.<\/p>\n<p>Haz\u0131rda i\u015f &uuml;zr\u0259 z\u0259ruri istintaq-\u0259m\u0259liyyat t\u0259dbirl\u0259ri davam etdirilir.<\/p>\n<p>&nbsp;<\/p>\n","protected":false},"excerpt":{"rendered":"<p>Ail\u0259, Qad\u0131n v\u0259 U\u015faq probleml\u0259ri &uuml;zr\u0259 D&ouml;vl\u0259t Komit\u0259si Bak\u0131da qay\u0131natas\u0131 t\u0259r\u0259find\u0259n do\u011franaraq q\u0259tl\u0259 yetiril\u0259n qad\u0131n\u0131n iki azya\u015fl\u0131 &ouml;vlad\u0131n\u0131n n\u0259zar\u0259t\u0259 g&ouml;t&uuml;r&uuml;b. Bu bar\u0259d\u0259 Trend-\u0259 a&ccedil;\u0131qlamas\u0131nda komit\u0259nin M\u0259tbuat xidm\u0259tinin r\u0259hb\u0259ri Teymur M\u0259rdano\u011flu&hellip;<\/p>\n","protected":false},"author":1,"featured_media":251278,"comment_status":"open","ping_status":"open","sticky":false,"template":"","format":"standard","meta":{"_lmt_disableupdate":"","_lmt_disable":"","footnotes":""},"categories":[101],"tags":[],"class_list":["post-112168","post","type-post","status-publish","format-standard","has-post-thumbnail","hentry","category-cemiyyet"],"_links":{"self":[{"href":"https:\/\/ucnoqta.az\/index.php?rest_route=\/wp\/v2\/posts\/112168","targetHints":{"allow":["GET"]}}],"collection":[{"href":"https:\/\/ucnoqta.az\/index.php?rest_route=\/wp\/v2\/posts"}],"about":[{"href":"https:\/\/ucnoqta.az\/index.php?rest_route=\/wp\/v2\/types\/post"}],"author":[{"embeddable":true,"href":"https:\/\/ucnoqta.az\/index.php?rest_route=\/wp\/v2\/users\/1"}],"replies":[{"embeddable":true,"href":"https:\/\/ucnoqta.az\/index.php?rest_route=%2Fwp%2Fv2%2Fcomments&post=112168"}],"version-history":[{"count":0,"href":"https:\/\/ucnoqta.az\/index.php?rest_route=\/wp\/v2\/posts\/112168\/revisions"}],"wp:featuredmedia":[{"embeddable":true,"href":"https:\/\/ucnoqta.az\/index.php?rest_route=\/wp\/v2\/media\/251278"}],"wp:attachment":[{"href":"https:\/\/ucnoqta.az\/index.php?rest_route=%2Fwp%2Fv2%2Fmedia&parent=112168"}],"wp:term":[{"taxonomy":"category","embeddable":true,"href":"https:\/\/ucnoqta.az\/index.php?rest_route=%2Fwp%2Fv2%2Fcategories&post=112168"},{"taxonomy":"post_tag","embeddable":true,"href":"https:\/\/ucnoqta.az\/index.php?rest_route=%2Fwp%2Fv2%2Ftags&post=112168"}],"curies":[{"name":"wp","href":"https:\/\/api.w.org\/{rel}","templated":true}]}}