{"id":112164,"date":"2021-02-04T16:51:32","date_gmt":"2021-02-04T12:51:32","guid":{"rendered":""},"modified":"-0001-11-30T00:00:00","modified_gmt":"-0001-11-29T20:00:00","slug":"","status":"publish","type":"post","link":"https:\/\/ucnoqta.az\/?p=112164","title":{"rendered":"Ceyhun Bayramov T\u00fcrkiy\u0259 Maarif Fondunun s\u0259dri il\u0259 g\u00f6r\u00fc\u015fd\u00fc &#8211;<font color=red><b> FOTO<\/b><\/font>"},"content":{"rendered":"<p><strong>Bu g&uuml;n Xarici \u0130\u015fl\u0259r naziri Ceyhun Bayramov T&uuml;rkiy\u0259 Maarif Fondunun s\u0259dri Birol Akg&uuml;n il\u0259 g&ouml;r&uuml;\u015f&uuml;b.<\/strong><\/p>\n<p>Bu bar\u0259d\u0259 Xarici \u0130\u015fl\u0259r Nazirliyi m\u0259lumat yay\u0131b.<\/p>\n<p>Bildirilib ki, g&ouml;r&uuml;\u015f zaman\u0131 Ceyhun&nbsp;Bayramov Az\u0259rbaycan il\u0259 T&uuml;rkiy\u0259 aras\u0131nda m&ouml;vcud olan&nbsp; z\u0259ngin, geni\u015f v\u0259 s\u0131x dostluq m&uuml;nasib\u0259tl\u0259rini m\u0259mnunluqla qeyd edib.<\/p>\n<p>Nazir &ouml;lk\u0259mizin m&uuml;st\u0259qilliyinin ilk g&uuml;nl\u0259rind\u0259n &uuml;zl\u0259\u015fdiyi \u0259n b&ouml;y&uuml;k v\u0259 a\u011fr\u0131l\u0131 problemi olan ke&ccedil;mi\u015f Erm\u0259nistan-Az\u0259rbaycan Da\u011fl\u0131q Qaraba\u011f m&uuml;naqi\u015f\u0259sind\u0259n b\u0259hs ed\u0259r\u0259k, qarda\u015f T&uuml;rkiy\u0259nin Az\u0259rbaycan\u0131n beyn\u0259lxalq h&uuml;quqa \u0259saslanan haqq m&ouml;vqeyini h\u0259r zaman d\u0259st\u0259kl\u0259diyini, x&uuml;susil\u0259 d\u0259 44 g&uuml;nl&uuml;k V\u0259t\u0259n m&uuml;harib\u0259si zaman\u0131 T&uuml;rkiy\u0259nin b&uuml;t&uuml;n s\u0259viyy\u0259l\u0259rd\u0259, o c&uuml;ml\u0259d\u0259n T&uuml;rkiy\u0259 xalq\u0131 t\u0259r\u0259find\u0259n n&uuml;mayi\u015f etdiril\u0259n h\u0259mr\u0259ylik v\u0259 m\u0259n\u0259vi d\u0259st\u0259yin Az\u0259rbaycan t\u0259r\u0259find\u0259n y&uuml;ks\u0259k qiym\u0259tl\u0259ndirildiyini vur\u011fulay\u0131b. O, Az\u0259rbaycan &uuml;&ccedil;&uuml;n tarixi \u0259h\u0259miyy\u0259t k\u0259sb ed\u0259n bu d&ouml;vrd\u0259 Az\u0259rbaycan-T&uuml;rkiy\u0259 qarda\u015fl\u0131\u011f\u0131n\u0131n v\u0259 birliyinin s&ouml;zd\u0259 deyil, \u0259m\u0259ld\u0259 &ldquo;bir mill\u0259t-iki d&ouml;vl\u0259t&rdquo; oldu\u011funun n&ouml;vb\u0259ti d\u0259f\u0259 bariz \u015f\u0259kild\u0259 n&uuml;mayi\u015f olundu\u011funu s&ouml;yl\u0259yib. Az\u0259rbaycan\u0131n d&ouml;vl\u0259t ba\u015f&ccedil;\u0131s\u0131 t\u0259r\u0259find\u0259n qeyd edildiyi kimi, t\u0259r\u0259fl\u0259r aras\u0131ndak\u0131 bu s\u0131x m&uuml;nasib\u0259tl\u0259rin&nbsp;arxas\u0131nda m\u0259hz do\u011fru siyas\u0259tin dayand\u0131\u011f\u0131 vur\u011fulan\u0131b.<\/p>\n<p>Birol Akg&uuml;n n\u0259zak\u0259t q\u0259buluna g&ouml;r\u0259 Ceyhun Bayramova t\u0259\u015f\u0259kk&uuml;r&uuml;n&uuml; bildirib. O, &ouml;lk\u0259mizin \u0259razil\u0259rinin Erm\u0259nistan\u0131n i\u015f\u011fal\u0131ndan azad edilm\u0259sinin b&uuml;t&uuml;n T&uuml;rkiy\u0259 xalq\u0131n\u0131 h\u0259y\u0259canland\u0131rd\u0131\u011f\u0131n\u0131 qeyd ed\u0259r\u0259k, q\u0259l\u0259b\u0259 x\u0259b\u0259rinin y&uuml;ks\u0259k sevincl\u0259 qar\u015f\u0131land\u0131\u011f\u0131n\u0131 qeyd edib v\u0259 &ouml;lk\u0259nin \u0259razi b&uuml;t&ouml;vl&uuml;y&uuml; u\u011frunda can\u0131ndan ke&ccedil;\u0259n b&uuml;t&uuml;n \u015f\u0259hidl\u0259r\u0259 Allahdan r\u0259hm\u0259t dil\u0259yib. B.Akg&uuml;n iki &ouml;lk\u0259 liderl\u0259ri aras\u0131ndak\u0131 dostluq m&uuml;nasib\u0259tl\u0259rinin ikit\u0259r\u0259fli \u0259laq\u0259l\u0259rin inki\u015faf\u0131na \u0259h\u0259miyy\u0259tli t&ouml;hf\u0259 verdiyi bildirib. O, m&uuml;harib\u0259d\u0259n sonrak\u0131 quruculuq v\u0259 inki\u015faf d&ouml;vr&uuml;n\u0259 istinad ed\u0259r\u0259k, bu x&uuml;susda t\u0259hsil sah\u0259sinin &ouml;n\u0259mini qeyd edib. \u0130\u015f\u011faldan azad edilmi\u015f \u0259razil\u0259rd\u0259 t\u0259hsil sah\u0259sinin g\u0259l\u0259c\u0259kd\u0259 inki\u015faf etdirilm\u0259si m\u0259s\u0259l\u0259sind\u0259 &ouml;lk\u0259miz\u0259 m&uuml;vafiq yard\u0131m\u0131n g&ouml;st\u0259rilm\u0259sin\u0259 haz\u0131r olduqlar\u0131n\u0131 bildirib.<\/p>\n<p>T\u0259r\u0259fl\u0259r iki &ouml;lk\u0259 aras\u0131nda b&uuml;t&uuml;n istiqam\u0259tl\u0259r &uuml;zr\u0259&nbsp;m&ouml;vcud \u0259m\u0259kda\u015fl\u0131\u011f\u0131n bundan sonra&nbsp;daha da inki\u015faf etdirilm\u0259sinin vacibliyini qeyd edibl\u0259r.<\/p>\n<p>&nbsp;<\/p>\n","protected":false},"excerpt":{"rendered":"<p>Bu g&uuml;n Xarici \u0130\u015fl\u0259r naziri Ceyhun Bayramov T&uuml;rkiy\u0259 Maarif Fondunun s\u0259dri Birol Akg&uuml;n il\u0259 g&ouml;r&uuml;\u015f&uuml;b. Bu bar\u0259d\u0259 Xarici \u0130\u015fl\u0259r Nazirliyi m\u0259lumat yay\u0131b. Bildirilib ki, g&ouml;r&uuml;\u015f zaman\u0131 Ceyhun&nbsp;Bayramov Az\u0259rbaycan il\u0259 T&uuml;rkiy\u0259&hellip;<\/p>\n","protected":false},"author":1,"featured_media":251278,"comment_status":"open","ping_status":"open","sticky":false,"template":"","format":"standard","meta":{"_lmt_disableupdate":"","_lmt_disable":"","footnotes":""},"categories":[],"tags":[],"class_list":["post-112164","post","type-post","status-publish","format-standard","has-post-thumbnail","hentry"],"_links":{"self":[{"href":"https:\/\/ucnoqta.az\/index.php?rest_route=\/wp\/v2\/posts\/112164","targetHints":{"allow":["GET"]}}],"collection":[{"href":"https:\/\/ucnoqta.az\/index.php?rest_route=\/wp\/v2\/posts"}],"about":[{"href":"https:\/\/ucnoqta.az\/index.php?rest_route=\/wp\/v2\/types\/post"}],"author":[{"embeddable":true,"href":"https:\/\/ucnoqta.az\/index.php?rest_route=\/wp\/v2\/users\/1"}],"replies":[{"embeddable":true,"href":"https:\/\/ucnoqta.az\/index.php?rest_route=%2Fwp%2Fv2%2Fcomments&post=112164"}],"version-history":[{"count":0,"href":"https:\/\/ucnoqta.az\/index.php?rest_route=\/wp\/v2\/posts\/112164\/revisions"}],"wp:featuredmedia":[{"embeddable":true,"href":"https:\/\/ucnoqta.az\/index.php?rest_route=\/wp\/v2\/media\/251278"}],"wp:attachment":[{"href":"https:\/\/ucnoqta.az\/index.php?rest_route=%2Fwp%2Fv2%2Fmedia&parent=112164"}],"wp:term":[{"taxonomy":"category","embeddable":true,"href":"https:\/\/ucnoqta.az\/index.php?rest_route=%2Fwp%2Fv2%2Fcategories&post=112164"},{"taxonomy":"post_tag","embeddable":true,"href":"https:\/\/ucnoqta.az\/index.php?rest_route=%2Fwp%2Fv2%2Ftags&post=112164"}],"curies":[{"name":"wp","href":"https:\/\/api.w.org\/{rel}","templated":true}]}}