{"id":112163,"date":"2021-02-04T16:40:58","date_gmt":"2021-02-04T12:40:58","guid":{"rendered":""},"modified":"-0001-11-30T00:00:00","modified_gmt":"-0001-11-29T20:00:00","slug":"","status":"publish","type":"post","link":"https:\/\/ucnoqta.az\/?p=112163","title":{"rendered":"R\u00f6yan\u0131n vaksin vurdurmas\u0131 il\u0259 ba\u011fl\u0131 Nazirlikd\u0259n <font color=red><b>A\u00c7IQLAMA<\/b><\/font>"},"content":{"rendered":"<p><strong>Son g\u00fcnl\u0259r sosial \u015f\u0259b\u0259k\u0259d\u0259 tibb i\u015f\u00e7isi v\u0259 risk qrupuna daxil olmayan \u015f\u0259xsl\u0259r\u0259 koronavirusa qar\u015f\u0131 peyv\u0259nd vurulmas\u0131 il\u0259 ba\u011fl\u0131 m\u0259lumatlar payla\u015f\u0131l\u0131r.<\/strong><\/p>\n<p>Bel\u0259 ki, xalq artisti R\u00f6ya Ayxan \u015f\u0259xsi \u201cInstagram\u201d s\u0259hif\u0259sind\u0259 k\u00f6n\u00fcll\u00fc olaraq peyv\u0259nd olundu\u011funu bildirib.<\/p>\n<p>Bel\u0259 faktlar haql\u0131 olaraq c\u0259miyy\u0259td\u0259 geni\u015f m\u00fczakir\u0259l\u0259r\u0259 s\u0259b\u0259b olub.<\/p>\n<p>Paytaxt \u00fczr\u0259 vaksinasiya prosesin\u0259 S\u0259hiyy\u0259 Nazirliyi n\u0259zar\u0259t etdiyi \u00fc\u00e7\u00fcn m\u00f6vzu il\u0259 \u0259laq\u0259dar quruma sor\u011fu \u00fcnvanlad\u0131q.<\/p>\n<p>Nazirlikd\u0259n\u00a0Oxu.Az-\u0131n sor\u011fusuna cavab olaraq bildirdil\u0259r ki, bu m\u0259s\u0259l\u0259d\u0259 m\u0259suliyy\u0259t h\u0259min klinikalar\u0131n \u00f6z \u00fcz\u0259rin\u0259 d\u00fc\u015f\u00fcr:<br \/>\n\u201cBel\u0259 ki, \u00f6z\u0259l klinikalar m\u00fc\u0259ssis\u0259l\u0259rind\u0259 \u00e7al\u0131\u015fan tibb i\u015f\u00e7il\u0259rinin say\u0131n\u0131\u00a0t\u0259qdim etm\u0259kl\u0259 m\u00fcvafiq sayda peyv\u0259nd al\u0131rlar. Lakin al\u0131nan peyv\u0259ndl\u0259rin tibb i\u015f\u00e7il\u0259rin\u0259 v\u0259 ya dig\u0259r \u015f\u0259xsl\u0259r\u0259 vurulub-vurulmamas\u0131 il\u0259 ba\u011fl\u0131 m\u0259suliyy\u0259t S\u0259hiyy\u0259 Nazirliyin\u0259 deyil, birba\u015fa h\u0259min klinikalar\u0131n \u00fcz\u0259rin\u0259 d\u00fc\u015f\u00fcr. Vaksinasiya prosesi m\u00fcvafiq qaydalara \u0259sas\u0259n m\u0259rh\u0259l\u0259li \u015f\u0259kild\u0259 apar\u0131lmal\u0131d\u0131r. Art\u0131q o peyv\u0259ndl\u0259rin n\u00f6vb\u0259d\u0259n k\u0259nar \u015f\u0259kild\u0259 istifad\u0259si m\u00fc\u015fahid\u0259 olunursa bununla ba\u011fl\u0131 m\u00fcvafiq qurumlar ara\u015fd\u0131rma aparmal\u0131 v\u0259 n\u0259tic\u0259l\u0259r\u0259 uy\u011fun \u015f\u0259kild\u0259 t\u0259dbir g\u00f6rm\u0259lidir\u201d.<\/p>\n","protected":false},"excerpt":{"rendered":"<p>Son g\u00fcnl\u0259r sosial \u015f\u0259b\u0259k\u0259d\u0259 tibb i\u015f\u00e7isi v\u0259 risk qrupuna daxil olmayan \u015f\u0259xsl\u0259r\u0259 koronavirusa qar\u015f\u0131 peyv\u0259nd vurulmas\u0131 il\u0259 ba\u011fl\u0131 m\u0259lumatlar payla\u015f\u0131l\u0131r. Bel\u0259 ki, xalq artisti R\u00f6ya Ayxan \u015f\u0259xsi \u201cInstagram\u201d s\u0259hif\u0259sind\u0259 k\u00f6n\u00fcll\u00fc&hellip;<\/p>\n","protected":false},"author":1,"featured_media":251278,"comment_status":"open","ping_status":"open","sticky":false,"template":"","format":"standard","meta":{"_lmt_disableupdate":"","_lmt_disable":"","footnotes":""},"categories":[101],"tags":[],"class_list":["post-112163","post","type-post","status-publish","format-standard","has-post-thumbnail","hentry","category-cemiyyet"],"_links":{"self":[{"href":"https:\/\/ucnoqta.az\/index.php?rest_route=\/wp\/v2\/posts\/112163","targetHints":{"allow":["GET"]}}],"collection":[{"href":"https:\/\/ucnoqta.az\/index.php?rest_route=\/wp\/v2\/posts"}],"about":[{"href":"https:\/\/ucnoqta.az\/index.php?rest_route=\/wp\/v2\/types\/post"}],"author":[{"embeddable":true,"href":"https:\/\/ucnoqta.az\/index.php?rest_route=\/wp\/v2\/users\/1"}],"replies":[{"embeddable":true,"href":"https:\/\/ucnoqta.az\/index.php?rest_route=%2Fwp%2Fv2%2Fcomments&post=112163"}],"version-history":[{"count":0,"href":"https:\/\/ucnoqta.az\/index.php?rest_route=\/wp\/v2\/posts\/112163\/revisions"}],"wp:featuredmedia":[{"embeddable":true,"href":"https:\/\/ucnoqta.az\/index.php?rest_route=\/wp\/v2\/media\/251278"}],"wp:attachment":[{"href":"https:\/\/ucnoqta.az\/index.php?rest_route=%2Fwp%2Fv2%2Fmedia&parent=112163"}],"wp:term":[{"taxonomy":"category","embeddable":true,"href":"https:\/\/ucnoqta.az\/index.php?rest_route=%2Fwp%2Fv2%2Fcategories&post=112163"},{"taxonomy":"post_tag","embeddable":true,"href":"https:\/\/ucnoqta.az\/index.php?rest_route=%2Fwp%2Fv2%2Ftags&post=112163"}],"curies":[{"name":"wp","href":"https:\/\/api.w.org\/{rel}","templated":true}]}}