{"id":110475,"date":"2021-01-05T22:06:24","date_gmt":"2021-01-05T18:06:24","guid":{"rendered":""},"modified":"-0001-11-30T00:00:00","modified_gmt":"-0001-11-29T20:00:00","slug":"","status":"publish","type":"post","link":"https:\/\/ucnoqta.az\/?p=110475","title":{"rendered":"Norve\u00e7d\u0259 koronavirusdan peyv\u0259nd edilmi\u015f \u015f\u0259xsl\u0259r \u00f6l\u00fcbl\u0259r"},"content":{"rendered":"<p><strong>Norve&ccedil;d\u0259 COVID-19 \u0259leyhin\u0259 peyv\u0259nd olunmu\u015f iki \u015f\u0259xs v\u0259fat edib.<\/strong><\/p>\n<p>Bu bar\u0259d\u0259 &ouml;lk\u0259nin D\u0259rman Vasit\u0259l\u0259ri Agentliyi bildirib.<\/p>\n<p>&quot;Yanvar\u0131n 5-d\u0259 biz peyv\u0259nd edilm\u0259d\u0259n bir ne&ccedil;\u0259 g&uuml;n sonra &ouml;lm&uuml;\u015f iki \u015f\u0259xs bar\u0259d\u0259 x\u0259b\u0259r ald\u0131q&quot;, &#8211; m\u0259lumatda deyilir.<\/p>\n<p>Norve&ccedil;d\u0259 Amerikan\u0259n &ldquo;Pfizer&rdquo; \u015firk\u0259ti v\u0259 onun alman partnyoru &ldquo;BioNTech&rdquo; t\u0259r\u0259find\u0259n istehsal edilmi\u015f preparatdan istifad\u0259 il\u0259 vaksinl\u0259m\u0259 &ouml;t\u0259n ilin 27 dekabr\u0131nda ba\u015flay\u0131b.<\/p>\n<p>&Ouml;lk\u0259d\u0259 ilk olaraq Oslodak\u0131 qocalar\u0131n evinin sakinl\u0259ri peyv\u0259nd edilib. Hakimiyy\u0259t orqanlar\u0131 &ouml;l&uuml;m hallar\u0131n\u0131n vaksinl\u0259m\u0259 il\u0259 ba\u011fl\u0131 olub-olmad\u0131\u011f\u0131n\u0131 ara\u015fd\u0131rma\u011fa ba\u015flay\u0131b.<\/p>\n<p>&quot;Biz peyv\u0259ndin &ouml;l&uuml;m s\u0259b\u0259bi olmas\u0131n\u0131 v\u0259 ya &ouml;l&uuml;m&uuml;n vaksinl\u0259m\u0259d\u0259n tezlikl\u0259 sonra t\u0259sad&uuml;f\u0259n ba\u015f verdiyini t\u0259hlil etm\u0259liyik&quot;, &#8211; agentliyin n&uuml;may\u0259nd\u0259si deyib. Onun s&ouml;zl\u0259rin\u0259 g&ouml;r\u0259, indi sa\u011flaml\u0131\u011f\u0131n\u0131n z\u0259if oldu\u011fu v\u0259 ya ciddi x\u0259st\u0259likl\u0259rd\u0259n \u0259ziyy\u0259t &ccedil;\u0259k\u0259n risk qruplar\u0131ndan olan insanlar peyv\u0259nd edilirl\u0259r.<\/p>\n","protected":false},"excerpt":{"rendered":"<p>Norve&ccedil;d\u0259 COVID-19 \u0259leyhin\u0259 peyv\u0259nd olunmu\u015f iki \u015f\u0259xs v\u0259fat edib. Bu bar\u0259d\u0259 &ouml;lk\u0259nin D\u0259rman Vasit\u0259l\u0259ri Agentliyi bildirib. &quot;Yanvar\u0131n 5-d\u0259 biz peyv\u0259nd edilm\u0259d\u0259n bir ne&ccedil;\u0259 g&uuml;n sonra &ouml;lm&uuml;\u015f iki \u015f\u0259xs bar\u0259d\u0259 x\u0259b\u0259r&hellip;<\/p>\n","protected":false},"author":1,"featured_media":251278,"comment_status":"open","ping_status":"open","sticky":false,"template":"","format":"standard","meta":{"_lmt_disableupdate":"","_lmt_disable":"","footnotes":""},"categories":[89],"tags":[],"class_list":["post-110475","post","type-post","status-publish","format-standard","has-post-thumbnail","hentry","category-dunya-butun-xeberler"],"_links":{"self":[{"href":"https:\/\/ucnoqta.az\/index.php?rest_route=\/wp\/v2\/posts\/110475","targetHints":{"allow":["GET"]}}],"collection":[{"href":"https:\/\/ucnoqta.az\/index.php?rest_route=\/wp\/v2\/posts"}],"about":[{"href":"https:\/\/ucnoqta.az\/index.php?rest_route=\/wp\/v2\/types\/post"}],"author":[{"embeddable":true,"href":"https:\/\/ucnoqta.az\/index.php?rest_route=\/wp\/v2\/users\/1"}],"replies":[{"embeddable":true,"href":"https:\/\/ucnoqta.az\/index.php?rest_route=%2Fwp%2Fv2%2Fcomments&post=110475"}],"version-history":[{"count":0,"href":"https:\/\/ucnoqta.az\/index.php?rest_route=\/wp\/v2\/posts\/110475\/revisions"}],"wp:featuredmedia":[{"embeddable":true,"href":"https:\/\/ucnoqta.az\/index.php?rest_route=\/wp\/v2\/media\/251278"}],"wp:attachment":[{"href":"https:\/\/ucnoqta.az\/index.php?rest_route=%2Fwp%2Fv2%2Fmedia&parent=110475"}],"wp:term":[{"taxonomy":"category","embeddable":true,"href":"https:\/\/ucnoqta.az\/index.php?rest_route=%2Fwp%2Fv2%2Fcategories&post=110475"},{"taxonomy":"post_tag","embeddable":true,"href":"https:\/\/ucnoqta.az\/index.php?rest_route=%2Fwp%2Fv2%2Ftags&post=110475"}],"curies":[{"name":"wp","href":"https:\/\/api.w.org\/{rel}","templated":true}]}}