{"id":110464,"date":"2021-01-05T17:10:17","date_gmt":"2021-01-05T13:10:17","guid":{"rendered":""},"modified":"-0001-11-30T00:00:00","modified_gmt":"-0001-11-29T20:00:00","slug":"","status":"publish","type":"post","link":"https:\/\/ucnoqta.az\/?p=110464","title":{"rendered":"\u0130lham \u018fliyev Az\u0259rbaycan\u0131n pravoslav xristian icmas\u0131n\u0131 t\u0259brik etdi"},"content":{"rendered":"<p><strong>Prezident \u0130lham \u018fliyev m&uuml;q\u0259dd\u0259s Milad bayram\u0131 m&uuml;nasib\u0259til\u0259 Az\u0259rbaycan\u0131n b&uuml;t&uuml;n xristian icmas\u0131n\u0131 t\u0259brik edib, \u0259n s\u0259mimi arzu v\u0259 dil\u0259kl\u0259rini yetirib.<\/strong><\/p>\n<p>AZ\u018fRTAC&nbsp;x\u0259b\u0259r verir ki, t\u0259brikd\u0259 \u015e\u0259rql\u0259 Q\u0259rbin qov\u015fa\u011f\u0131nda yerl\u0259\u015f\u0259n Az\u0259rbaycanda y&uuml;z ill\u0259rdir ayr\u0131-ayr\u0131 xalqlar v\u0259 dinl\u0259r aras\u0131nda qar\u015f\u0131l\u0131ql\u0131 h&ouml;rm\u0259t v\u0259 etimada \u0259saslanan y&uuml;ks\u0259k birg\u0259ya\u015fay\u0131\u015f m\u0259d\u0259niyy\u0259tinin, dostluq v\u0259 qarda\u015fl\u0131q m&uuml;hitinin h&ouml;km s&uuml;rd&uuml;y&uuml; bildirilir. Qeyd olunur ki, d&uuml;nyada n&uuml;mun\u0259vi tolerantl\u0131q m\u0259kan\u0131 kimi tan\u0131nan &ouml;lk\u0259mizd\u0259 m&uuml;t\u0259r\u0259qqi milli-tarixi \u0259n\u0259n\u0259l\u0259rin, etnik-m\u0259d\u0259ni m&uuml;xt\u0259lifliyin, multikultural d\u0259y\u0259rl\u0259rin qorunub saxlan\u0131lmas\u0131 v\u0259 daha da inki\u015faf etdirilm\u0259si d&ouml;vl\u0259t siyas\u0259tinin \u0259sas istiqam\u0259tl\u0259rind\u0259n birini t\u0259\u015fkil edir.<\/p>\n<p>T\u0259brikd\u0259 bildirilir ki, 2020-ci il uzun m&uuml;dd\u0259t davam ed\u0259n Qaraba\u011f m&uuml;naqi\u015f\u0259sinin h\u0259lli, \u0259razi b&uuml;t&ouml;vl&uuml;y&uuml;m&uuml;z&uuml;n t\u0259min edilm\u0259si v\u0259 tarixi \u0259dal\u0259tin z\u0259f\u0259r &ccedil;almas\u0131 il\u0259 \u0259lam\u0259tdar olub. Dilind\u0259n, dinind\u0259n, etnik m\u0259nsubiyy\u0259tind\u0259n as\u0131l\u0131 olmayaraq, h\u0259r bir Az\u0259rbaycan v\u0259t\u0259nda\u015f\u0131, o c&uuml;ml\u0259d\u0259n etno-m\u0259d\u0259ni z\u0259nginliyi il\u0259 se&ccedil;il\u0259n c\u0259miyy\u0259timizd\u0259 &ouml;z&uuml;n\u0259m\u0259xsus yeri olan xristian inancl\u0131 h\u0259mv\u0259t\u0259nl\u0259rimiz torpaqlar\u0131m\u0131z\u0131n d&uuml;\u015fm\u0259n i\u015f\u011fal\u0131ndan azad edilm\u0259sind\u0259 \u0259sl q\u0259hr\u0259manl\u0131q n&uuml;mun\u0259l\u0259ri g&ouml;st\u0259rib, eyni zamanda, erm\u0259ni fa\u015fizmi il\u0259 informasiya c\u0259bh\u0259sind\u0259 v\u0259 xalq\u0131m\u0131z\u0131n haqq s\u0259sinin d&uuml;nya ictimaiyy\u0259tin\u0259 &ccedil;atd\u0131r\u0131lmas\u0131 i\u015find\u0259 y&uuml;ks\u0259k f\u0259all\u0131qla m&uuml;bariz\u0259 apar\u0131blar. D&ouml;vl\u0259timizin ba\u015f&ccedil;\u0131s\u0131 &ouml;lk\u0259mizd\u0259 ya\u015fayan b&uuml;t&uuml;n xalqlar\u0131n m&uuml;q\u0259dd\u0259s V\u0259t\u0259n m&uuml;harib\u0259sind\u0259 n&uuml;mayi\u015f etdirdiyi birlik v\u0259 b\u0259rab\u0259rliyi, sars\u0131lmaz milli-m\u0259n\u0259vi h\u0259mr\u0259yliyi tarixi q\u0259l\u0259b\u0259mizi \u015f\u0259rtl\u0259ndir\u0259n ba\u015fl\u0131ca amil kimi qiym\u0259tl\u0259ndirdiyini vur\u011fulay\u0131r.<\/p>\n<p>Prezident \u0259min oldu\u011funu bildirir ki, pravoslav xristian icmas\u0131 &uuml;mumi evimiz olan Az\u0259rbaycan\u0131n t\u0259r\u0259qqisi v\u0259 daha da g&uuml;cl\u0259nm\u0259si namin\u0259 q&uuml;vv\u0259 v\u0259 bacar\u0131\u011f\u0131n\u0131 bundan sonra da \u0259sirg\u0259m\u0259y\u0259c\u0259k.<\/p>\n<p>&ldquo;\u018fziz h\u0259mv\u0259t\u0259nl\u0259r!<\/p>\n<p>Milad bayram\u0131 yeni h\u0259yat\u0131, dir&ccedil;\u0259li\u015fi, m\u0259rh\u0259m\u0259t v\u0259 \u015f\u0259fq\u0259t duy\u011fular\u0131n\u0131 t\u0259c\u0259ss&uuml;m etdirir. Qoy bu nurlu bayram ail\u0259l\u0259riniz\u0259 xo\u015fb\u0259xtlik, s&uuml;fr\u0259l\u0259riniz\u0259 b\u0259r\u0259k\u0259t, h\u0259yat\u0131n\u0131za firavanl\u0131q g\u0259tirsin.<\/p>\n<p>Bayram\u0131n\u0131z m&uuml;bar\u0259k olsun!&rdquo;, &#8211; dey\u0259 t\u0259brikd\u0259 qeyd edilir.<\/p>\n<p>&nbsp;<\/p>\n","protected":false},"excerpt":{"rendered":"<p>Prezident \u0130lham \u018fliyev m&uuml;q\u0259dd\u0259s Milad bayram\u0131 m&uuml;nasib\u0259til\u0259 Az\u0259rbaycan\u0131n b&uuml;t&uuml;n xristian icmas\u0131n\u0131 t\u0259brik edib, \u0259n s\u0259mimi arzu v\u0259 dil\u0259kl\u0259rini yetirib. AZ\u018fRTAC&nbsp;x\u0259b\u0259r verir ki, t\u0259brikd\u0259 \u015e\u0259rql\u0259 Q\u0259rbin qov\u015fa\u011f\u0131nda yerl\u0259\u015f\u0259n Az\u0259rbaycanda y&uuml;z ill\u0259rdir&hellip;<\/p>\n","protected":false},"author":1,"featured_media":251278,"comment_status":"open","ping_status":"open","sticky":false,"template":"","format":"standard","meta":{"_lmt_disableupdate":"","_lmt_disable":"","footnotes":""},"categories":[],"tags":[],"class_list":["post-110464","post","type-post","status-publish","format-standard","has-post-thumbnail","hentry"],"_links":{"self":[{"href":"https:\/\/ucnoqta.az\/index.php?rest_route=\/wp\/v2\/posts\/110464","targetHints":{"allow":["GET"]}}],"collection":[{"href":"https:\/\/ucnoqta.az\/index.php?rest_route=\/wp\/v2\/posts"}],"about":[{"href":"https:\/\/ucnoqta.az\/index.php?rest_route=\/wp\/v2\/types\/post"}],"author":[{"embeddable":true,"href":"https:\/\/ucnoqta.az\/index.php?rest_route=\/wp\/v2\/users\/1"}],"replies":[{"embeddable":true,"href":"https:\/\/ucnoqta.az\/index.php?rest_route=%2Fwp%2Fv2%2Fcomments&post=110464"}],"version-history":[{"count":0,"href":"https:\/\/ucnoqta.az\/index.php?rest_route=\/wp\/v2\/posts\/110464\/revisions"}],"wp:featuredmedia":[{"embeddable":true,"href":"https:\/\/ucnoqta.az\/index.php?rest_route=\/wp\/v2\/media\/251278"}],"wp:attachment":[{"href":"https:\/\/ucnoqta.az\/index.php?rest_route=%2Fwp%2Fv2%2Fmedia&parent=110464"}],"wp:term":[{"taxonomy":"category","embeddable":true,"href":"https:\/\/ucnoqta.az\/index.php?rest_route=%2Fwp%2Fv2%2Fcategories&post=110464"},{"taxonomy":"post_tag","embeddable":true,"href":"https:\/\/ucnoqta.az\/index.php?rest_route=%2Fwp%2Fv2%2Ftags&post=110464"}],"curies":[{"name":"wp","href":"https:\/\/api.w.org\/{rel}","templated":true}]}}