{"id":110460,"date":"2021-01-05T16:48:47","date_gmt":"2021-01-05T12:48:47","guid":{"rendered":""},"modified":"-0001-11-30T00:00:00","modified_gmt":"-0001-11-29T20:00:00","slug":"","status":"publish","type":"post","link":"https:\/\/ucnoqta.az\/?p=110460","title":{"rendered":"19 ya\u015fl\u0131 v\u0259t\u0259n f\u0259daisinin atas\u0131: \u201cSanki \u015f\u0259hid olaca\u011f\u0131n\u0131 bilirdi, biziml\u0259 vidala\u015fmaq ist\u0259di\u201d &#8211;<font color=red><b> V\u0130DEO<\/b><\/font>"},"content":{"rendered":"<p><strong>V\u0259t\u0259n m&uuml;harib\u0259sinin 19 ya\u015fl\u0131 \u015f\u0259hidi Yas\u0259n Mehdiyev. &Ouml;z do\u011fum g&uuml;n&uuml;nd\u0259 \u0259n ali zirv\u0259ni, \u015f\u0259hidlik zirv\u0259sini qazanan q\u0259hr\u0259man\u0131m\u0131z.<\/strong><\/p>\n<p>\u018fsl\u0259n T\u0259rt\u0259r \u015f\u0259h\u0259rind\u0259n olan Y.Mehdiyev ya\u015fasayd\u0131, bu g&uuml;nl\u0259rd\u0259 h\u0259rbi xidm\u0259td\u0259n t\u0259rxis olunaraq, ail\u0259sinin yan\u0131na qay\u0131dacaqd\u0131.<\/p>\n<p>Ail\u0259si deyir ki, h\u0259l\u0259 m&uuml;harib\u0259 ba\u015flamam\u0131\u015fdan \u015f\u0259hidlik zirv\u0259sind\u0259n dan\u0131\u015f\u0131rd\u0131.<\/p>\n<p>\u015e\u0259hidin atas\u0131 Alim Mehdiyev deyir ki, sanki \u015f\u0259hid olaca\u011f\u0131n\u0131 hiss edib, halall\u0131q alm\u0131\u015fd\u0131:<\/p>\n<p>&ldquo;Deyirdi, bilm\u0259k olmaz, qay\u0131tmaram. Atam\u0131 doqquz&nbsp;ayd\u0131r g&ouml;rm&uuml;r\u0259m, g\u0259lin, sizi g&ouml;r&uuml;m. Amma sonra m\u0259ni yoldan qaytard\u0131 ki, g\u0259lm\u0259yin, qay\u0131d\u0131n. Anas\u0131na dem\u0259di, m\u0259n\u0259 dedi ki,&nbsp;biz d&ouml;y&uuml;\u015f\u0259 gedirik, g\u0259lib m\u0259ni tapmayacaqs\u0131n\u0131z. Bu s&ouml;hb\u0259td\u0259n be\u015f&nbsp;g&uuml;n sonra \u015f\u0259hid oldu\u011funun x\u0259b\u0259rini ald\u0131q. Onun son ist\u0259yini yerin\u0259 yetir\u0259 bilm\u0259diyim &uuml;&ccedil;&uuml;n &ccedil;ox &uuml;zg&uuml;n\u0259m&rdquo;.<\/p>\n<p>19 ya\u015fl\u0131 q\u0259hr\u0259man \u015f\u0259hidimiz Yas\u0259n Mehdiyev F&uuml;zuli, Qubadl\u0131 istiqam\u0259tind\u0259 ged\u0259n d&ouml;y&uuml;\u015fl\u0259rd\u0259 i\u015ftirak edib, el\u0259 h\u0259min istiqam\u0259td\u0259 d\u0259 \u015f\u0259hid olub.<\/p>\n<p>Prezident \u0130lham \u018fliyevin m&uuml;vafiq&nbsp;s\u0259r\u0259ncam\u0131na \u0259sas\u0259n, Y.Mehdiyev &ouml;l&uuml;m&uuml;nd\u0259n sonra &ldquo;V\u0259t\u0259n u\u011frunda&rdquo; v\u0259 &ldquo;Xocav\u0259ndin azad olunmas\u0131na g&ouml;r\u0259&rdquo; medallar\u0131 il\u0259 t\u0259ltif olunub.<\/p>\n<p><iframe allow=\"autoplay; encrypted-media\" allowfullscreen=\"\" frameborder=\"0\" height=\"315\" src=\"https:\/\/player.baku.tv\/embed\/31416\" width=\"560\"><\/iframe><\/p>\n","protected":false},"excerpt":{"rendered":"<p>V\u0259t\u0259n m&uuml;harib\u0259sinin 19 ya\u015fl\u0131 \u015f\u0259hidi Yas\u0259n Mehdiyev. &Ouml;z do\u011fum g&uuml;n&uuml;nd\u0259 \u0259n ali zirv\u0259ni, \u015f\u0259hidlik zirv\u0259sini qazanan q\u0259hr\u0259man\u0131m\u0131z. \u018fsl\u0259n T\u0259rt\u0259r \u015f\u0259h\u0259rind\u0259n olan Y.Mehdiyev ya\u015fasayd\u0131, bu g&uuml;nl\u0259rd\u0259 h\u0259rbi xidm\u0259td\u0259n t\u0259rxis olunaraq, ail\u0259sinin&hellip;<\/p>\n","protected":false},"author":1,"featured_media":251278,"comment_status":"open","ping_status":"open","sticky":false,"template":"","format":"standard","meta":{"_lmt_disableupdate":"","_lmt_disable":"","footnotes":""},"categories":[101],"tags":[],"class_list":["post-110460","post","type-post","status-publish","format-standard","has-post-thumbnail","hentry","category-cemiyyet"],"_links":{"self":[{"href":"https:\/\/ucnoqta.az\/index.php?rest_route=\/wp\/v2\/posts\/110460","targetHints":{"allow":["GET"]}}],"collection":[{"href":"https:\/\/ucnoqta.az\/index.php?rest_route=\/wp\/v2\/posts"}],"about":[{"href":"https:\/\/ucnoqta.az\/index.php?rest_route=\/wp\/v2\/types\/post"}],"author":[{"embeddable":true,"href":"https:\/\/ucnoqta.az\/index.php?rest_route=\/wp\/v2\/users\/1"}],"replies":[{"embeddable":true,"href":"https:\/\/ucnoqta.az\/index.php?rest_route=%2Fwp%2Fv2%2Fcomments&post=110460"}],"version-history":[{"count":0,"href":"https:\/\/ucnoqta.az\/index.php?rest_route=\/wp\/v2\/posts\/110460\/revisions"}],"wp:featuredmedia":[{"embeddable":true,"href":"https:\/\/ucnoqta.az\/index.php?rest_route=\/wp\/v2\/media\/251278"}],"wp:attachment":[{"href":"https:\/\/ucnoqta.az\/index.php?rest_route=%2Fwp%2Fv2%2Fmedia&parent=110460"}],"wp:term":[{"taxonomy":"category","embeddable":true,"href":"https:\/\/ucnoqta.az\/index.php?rest_route=%2Fwp%2Fv2%2Fcategories&post=110460"},{"taxonomy":"post_tag","embeddable":true,"href":"https:\/\/ucnoqta.az\/index.php?rest_route=%2Fwp%2Fv2%2Ftags&post=110460"}],"curies":[{"name":"wp","href":"https:\/\/api.w.org\/{rel}","templated":true}]}}