{"id":110456,"date":"2021-01-05T16:25:00","date_gmt":"2021-01-05T12:25:00","guid":{"rendered":""},"modified":"-0001-11-30T00:00:00","modified_gmt":"-0001-11-29T20:00:00","slug":"","status":"publish","type":"post","link":"https:\/\/ucnoqta.az\/?p=110456","title":{"rendered":"\u201cF\u00fczulid\u0259 beyn\u0259lxalq aeroport tikil\u0259c\u0259k\u201d &#8211; <font color=red><b>Prezident<\/b><\/font>"},"content":{"rendered":"<p><strong>M\u0259nim g&ouml;st\u0259ri\u015fiml\u0259 F&uuml;zulid\u0259 beyn\u0259lxalq aeroport tikil\u0259c\u0259kdir. Art\u0131q g&ouml;st\u0259ri\u015f verildi. \u0130ndi yerl\u0259r se&ccedil;ilir.&nbsp;<\/strong><\/p>\n<p>Bu s&ouml;zl\u0259ri Prezident \u0130lham \u018fliyev Anar K\u0259rimovu m\u0259d\u0259niyy\u0259t naziri t\u0259yin olunmas\u0131 il\u0259 \u0259laq\u0259dar videoformatda q\u0259bul ed\u0259n zaman deyib.<\/p>\n<p>&ldquo;Minalardan t\u0259mizl\u0259m\u0259 i\u015fl\u0259ri apar\u0131lacaqd\u0131r. M\u0259n g&ouml;st\u0259ri\u015f vermi\u015f\u0259m, bu il F&uuml;zulid\u0259 beyn\u0259lxalq hava liman\u0131 yarad\u0131lmal\u0131d\u0131r, h\u0259r halda u&ccedil;u\u015f-enm\u0259 zola\u011f\u0131 istifad\u0259y\u0259 verilm\u0259lidir. Oradan \u015eu\u015faya m\u0259saf\u0259 d\u0259 yax\u0131nd\u0131r. &Ccedil;&uuml;nki vaxtil\u0259 sovet d&ouml;vr&uuml;nd\u0259 \u015eu\u015faya ya g\u0259r\u0259k Xank\u0259ndid\u0259n ged\u0259ydin, ya da ki, La&ccedil;\u0131n d\u0259hlizi il\u0259. \u0130ndi is\u0259 biz yeni yol a&ccedil;\u0131r\u0131q. \u018flb\u0259tt\u0259, o yollar da var v\u0259 bizim v\u0259t\u0259nda\u015flar, bu g&uuml;n orada t\u0259mir-b\u0259rpa i\u015fl\u0259rini aparanlar bu yollardan istifad\u0259 edirl\u0259r &#8211; A\u011fdam-Xank\u0259ndi-\u015eu\u015fa yolu v\u0259 La&ccedil;\u0131n d\u0259hlizi. Y\u0259ni, bu yollar bizim &uuml;&ccedil;&uuml;n a&ccedil;\u0131qd\u0131r. Biz n\u0259 vaxt ist\u0259s\u0259k oraya getm\u0259liyik, g\u0259lm\u0259liyik v\u0259 el\u0259 d\u0259 olacaq. Ancaq F&uuml;zuli beyn\u0259lxalq aeroportunun tikilm\u0259si xarici qonaqlar\u0131n \u015eu\u015faya d\u0259v\u0259t edilm\u0259si &uuml;&ccedil;&uuml;n imkanlar yaradacaq. &Ccedil;&uuml;nki oraya g\u0259lib ondan sonra q\u0131sa m&uuml;dd\u0259t \u0259rzind\u0259 \u015eu\u015faya getm\u0259k m&uuml;mk&uuml;n olacaqd\u0131r&rdquo;, &#8211; dey\u0259 d&ouml;vl\u0259t ba\u015f&ccedil;\u0131s\u0131 qeyd edib.<\/p>\n<p>&nbsp;<\/p>\n","protected":false},"excerpt":{"rendered":"<p>M\u0259nim g&ouml;st\u0259ri\u015fiml\u0259 F&uuml;zulid\u0259 beyn\u0259lxalq aeroport tikil\u0259c\u0259kdir. Art\u0131q g&ouml;st\u0259ri\u015f verildi. \u0130ndi yerl\u0259r se&ccedil;ilir.&nbsp; Bu s&ouml;zl\u0259ri Prezident \u0130lham \u018fliyev Anar K\u0259rimovu m\u0259d\u0259niyy\u0259t naziri t\u0259yin olunmas\u0131 il\u0259 \u0259laq\u0259dar videoformatda q\u0259bul ed\u0259n zaman deyib.&hellip;<\/p>\n","protected":false},"author":1,"featured_media":251278,"comment_status":"open","ping_status":"open","sticky":false,"template":"","format":"standard","meta":{"_lmt_disableupdate":"","_lmt_disable":"","footnotes":""},"categories":[],"tags":[],"class_list":["post-110456","post","type-post","status-publish","format-standard","has-post-thumbnail","hentry"],"_links":{"self":[{"href":"https:\/\/ucnoqta.az\/index.php?rest_route=\/wp\/v2\/posts\/110456","targetHints":{"allow":["GET"]}}],"collection":[{"href":"https:\/\/ucnoqta.az\/index.php?rest_route=\/wp\/v2\/posts"}],"about":[{"href":"https:\/\/ucnoqta.az\/index.php?rest_route=\/wp\/v2\/types\/post"}],"author":[{"embeddable":true,"href":"https:\/\/ucnoqta.az\/index.php?rest_route=\/wp\/v2\/users\/1"}],"replies":[{"embeddable":true,"href":"https:\/\/ucnoqta.az\/index.php?rest_route=%2Fwp%2Fv2%2Fcomments&post=110456"}],"version-history":[{"count":0,"href":"https:\/\/ucnoqta.az\/index.php?rest_route=\/wp\/v2\/posts\/110456\/revisions"}],"wp:featuredmedia":[{"embeddable":true,"href":"https:\/\/ucnoqta.az\/index.php?rest_route=\/wp\/v2\/media\/251278"}],"wp:attachment":[{"href":"https:\/\/ucnoqta.az\/index.php?rest_route=%2Fwp%2Fv2%2Fmedia&parent=110456"}],"wp:term":[{"taxonomy":"category","embeddable":true,"href":"https:\/\/ucnoqta.az\/index.php?rest_route=%2Fwp%2Fv2%2Fcategories&post=110456"},{"taxonomy":"post_tag","embeddable":true,"href":"https:\/\/ucnoqta.az\/index.php?rest_route=%2Fwp%2Fv2%2Ftags&post=110456"}],"curies":[{"name":"wp","href":"https:\/\/api.w.org\/{rel}","templated":true}]}}