{"id":110449,"date":"2021-01-05T14:41:22","date_gmt":"2021-01-05T10:41:22","guid":{"rendered":""},"modified":"-0001-11-30T00:00:00","modified_gmt":"-0001-11-29T20:00:00","slug":"","status":"publish","type":"post","link":"https:\/\/ucnoqta.az\/?p=110449","title":{"rendered":"F\u00fczuli-\u015eu\u015fa avtomobil yolu il\u0259 h\u0259r\u0259k\u0259t q\u0131sa m\u00fcdd\u0259td\u0259 t\u0259min olunacaq- <font color=red><b>Foto<\/b><\/font>"},"content":{"rendered":"<p><strong>Noyabr\u0131n 16-da Prezident, Silahl\u0131 Q&uuml;vv\u0259l\u0259rin M&uuml;z\u0259ff\u0259r Ali Ba\u015f Komandan\u0131 \u0130lham \u018fliyev v\u0259 I xan\u0131m Mehriban \u018fliyevan\u0131n i\u015f\u011faldan azad edilmi\u015f F&uuml;zuli v\u0259 C\u0259bray\u0131l rayonlar\u0131na s\u0259f\u0259ri zaman\u0131 Qaraba\u011f\u0131m\u0131z\u0131n tac\u0131 olan \u015eu\u015fa \u015f\u0259h\u0259rin\u0259 q\u0259d\u0259r uzanacaq yeni avtomobil yolunun t\u0259m\u0259lqoyma m\u0259rasimind\u0259n d\u0259rhal sonra icras\u0131na ba\u015flan\u0131lan layih\u0259 u\u011furla davam etdirilir.<\/strong><\/p>\n<p>Ucnoqta.az x\u0259b\u0259r verir ki, bu bar\u0259d\u0259 Az\u0259rbaycan Avtomobil Yollar\u0131 D&ouml;vl\u0259t Agentliyinin a&ccedil;\u0131qlamas\u0131nda bildirilir.<br \/>\nM\u0259lumatda h\u0259m&ccedil;inin deyilir ki, d&ouml;vl\u0259t ba\u015f&ccedil;\u0131s\u0131n\u0131n s\u0259r\u0259ncam v\u0259 tap\u015f\u0131r\u0131\u011f\u0131na \u0259sas\u0259n \u015eu\u015fam\u0131z\u0131n, &uuml;mumilikd\u0259 Qaraba\u011f\u0131m\u0131z\u0131n g\u0259l\u0259c\u0259k inki\u015faf perspektivl\u0259ri n\u0259z\u0259r\u0259 al\u0131nmaqla haz\u0131rlanan \u018fhm\u0259db\u0259yli-F&uuml;zuli-\u015eu\u015fa avtomobil yolunun tikinti layih\u0259sinin uzunlu\u011fu ilkin hesablamalara \u0259sas\u0259n 101,5 km t\u0259\u015fkil edir. Yeni avtomobil yolunun &uuml;mumi eni is\u0259 37,7 m t\u0259\u015fkil ed\u0259c\u0259k.<\/p>\n<p>\u018fhm\u0259db\u0259yli-F&uuml;zuli-\u015eu\u015fa avtomobil yolunun \u0259sas hiss\u0259sinin eni 21,5 olmaqla 4 h\u0259r\u0259k\u0259t zola\u011f\u0131ndan ibar\u0259t olacaq. Bundan ba\u015fqa layih\u0259 &uuml;zr\u0259 relyefin imlan verdiyi \u0259razil\u0259r\u0259 q\u0259d\u0259r h\u0259r bir istiqam\u0259td\u0259 \u0259lav\u0259 geni\u015f h\u0259r\u0259k\u0259t hiss\u0259sin\u0259 malik 1 ehtiyyat zola\u011f\u0131n in\u015fas\u0131 da n\u0259z\u0259rd\u0259 tutulub. Ehtiyyat zolaqlarla birg\u0259 yolun 6 h\u0259r\u0259k\u0259t zola\u011f\u0131ndan ibar\u0259t olacaq.<\/p>\n<p>Yeni F&uuml;zuli-\u015eu\u015fa magistral avtomobil yolu ba\u015flan\u011f\u0131c\u0131n\u0131 M6 Hac\u0131qabul- B\u0259hr\u0259mt\u0259p\u0259-Mincivan-Erm\u0259nistan Respublikas\u0131 il\u0259 d&ouml;vl\u0259t s\u0259rh\u0259di magistral yolunun F&uuml;zuli rayonunun \u018fhm\u0259db\u0259yli k\u0259ndind\u0259n ke&ccedil;\u0259n hiss\u0259sind\u0259n g&ouml;t&uuml;rm\u0259kl\u0259 i\u015f\u011faldan azad edilmi\u015f F&uuml;zuli, Xocav\u0259nd, Xocal\u0131 v\u0259 \u015eu\u015fa rayonlar\u0131n\u0131n \u0259razisind\u0259n ke&ccedil;ir. Avtomobil yolu s&ouml;z&uuml;ged\u0259n rayonlar\u0131n 20-d\u0259n art\u0131q ya\u015fay\u0131\u015f m\u0259nt\u0259q\u0259sini \u0259hat\u0259 edir.<\/p>\n<p>Qaraba\u011f\u0131m\u0131z\u0131n tac\u0131 olan \u015eu\u015fam\u0131za aparan yeni avtomobil yolunun q\u0131sa m&uuml;dd\u0259t \u0259rzind\u0259 tikintisinin yekunla\u015fd\u0131r\u0131lmas\u0131 &uuml;&ccedil;&uuml;n layih\u0259 \u015f\u0259rti olaraq 5 hiss\u0259y\u0259 b&ouml;l&uuml;n&uuml;b. \u018fsas q&uuml;vv\u0259 olaraq Az\u0259rbaycan Avtomobil Yollar\u0131 D&ouml;vl\u0259t Agentliyinin canl\u0131 q&uuml;vv\u0259si v\u0259 texnikalar\u0131 haz\u0131rda layih\u0259 boyu tikinti i\u015fl\u0259rini h\u0259yata ke&ccedil;irir. Bundan ba\u015fqa &ccedil;\u0259tin relyef\u0259 malik olan \u0259razil\u0259rd\u0259 avtomobil yollar\u0131n\u0131n in\u015fas\u0131 il\u0259 ba\u011fl\u0131 t\u0259cr&uuml;b\u0259y\u0259 malik &quot;Kolin \u0130n\u015faat&quot; ba\u015fda olmaqla T&uuml;rk \u015eirk\u0259tl\u0259r Qrupu v\u0259 1 yerli tikinti \u015firk\u0259ti d\u0259 layih\u0259y\u0259 c\u0259lb olunub.<\/p>\n<p>F&uuml;zuli-\u015eu\u015fa yeni avtomobil yolu il\u0259 avton\u0259qliyyat vasit\u0259l\u0259rinin rahat v\u0259 t\u0259hl&uuml;k\u0259siz h\u0259r\u0259k\u0259tinin t\u0259min olunmas\u0131 &uuml;&ccedil;&uuml;n q\u0131sa m&uuml;dd\u0259t \u0259rzind\u0259 m&uuml;v\u0259qq\u0259ti olaraq 2 h\u0259r\u0259k\u0259t zolaql\u0131 v\u0259 &ccedil;\u0131nq\u0131l &ouml;rt&uuml;kl&uuml; olmaqla yeni yolun in\u015fa edil\u0259r\u0259k istifad\u0259y\u0259 verilm\u0259si planla\u015fd\u0131r\u0131l\u0131r. Bu istiqam\u0259td\u0259 yol boyu b&uuml;t&uuml;n q&uuml;vv\u0259l\u0259r s\u0259f\u0259rb\u0259r olunub. T\u0259bii ki, buna paralel olaraq layih\u0259 &uuml;zr\u0259 tikinti i\u015fl\u0259ri d\u0259 davam etdirilir v\u0259 t\u0259yin olunmu\u015f qrafik\u0259 uy\u011fun in\u015faat i\u015fl\u0259rinin bu ilin sonu, n&ouml;vb\u0259ti ilin \u0259vv\u0259lin\u0259d\u0259k yekunla\u015fd\u0131r\u0131lmas\u0131 n\u0259z\u0259rd\u0259 tutulur.<\/p>\n<p>Haz\u0131rda &ldquo;\u0130n\u015faat Norma v\u0259 Qaydalar\u0131&rdquo;n\u0131n t\u0259l\u0259bl\u0259rin\u0259 \u0259sas\u0259n layih\u0259 boyu torpaq i\u015fl\u0259ri g&ouml;r&uuml;l&uuml;r. Bel\u0259 ki, Az\u0259rbaycan Avtomobil Yollar\u0131 D&ouml;vl\u0259t Agentliyinin r\u0259hb\u0259rliyinin birba\u015fa n\u0259zar\u0259ti alt\u0131nda, x&uuml;susi texnikalardan istifad\u0259 olunmaqla yolun geni\u015fl\u0259ndiril\u0259r\u0259k profil\u0259 sal\u0131nmas\u0131, h\u0259m&ccedil;inin yeni yol yata\u011f\u0131n\u0131n v\u0259 yol \u0259sas\u0131n\u0131n in\u015fas\u0131 i\u015fl\u0259ri apar\u0131l\u0131r. Bunun &uuml;&ccedil;&uuml;n \u0259raziy\u0259 laz\u0131mi sayda q&uuml;vv\u0259 c\u0259lb edilib.<br \/>\nYol boyu sular\u0131n &ouml;t&uuml;r&uuml;lm\u0259sini t\u0259min etm\u0259k m\u0259qs\u0259di il\u0259 m&uuml;xt\u0259lif diametrl\u0259r\u0259 malik dair\u0259vi su&ouml;t&uuml;r&uuml;c&uuml; borular\u0131n v\u0259 d&uuml;zbucaql\u0131 su ke&ccedil;idl\u0259rinin, h\u0259m&ccedil;inin avtomobil k&ouml;rp&uuml;l\u0259rinin in\u015fas\u0131 da layih\u0259 &uuml;zr\u0259 n\u0259z\u0259rd\u0259 tutulur.<\/p>\n<p>\u0130n\u015fa edil\u0259n yeni \u018fhm\u0259db\u0259yli-F&uuml;zuli-\u015eu\u015fa avtomobil yolu say\u0259sind\u0259 paytaxt Bak\u0131dan \u015eu\u015fa \u015f\u0259h\u0259rin\u0259d\u0259k olan m\u0259saf\u0259 daha da q\u0131salaraq t\u0259qrib\u0259n 363 km t\u0259\u015fkil ed\u0259c\u0259k.<\/p>\n","protected":false},"excerpt":{"rendered":"<p>Noyabr\u0131n 16-da Prezident, Silahl\u0131 Q&uuml;vv\u0259l\u0259rin M&uuml;z\u0259ff\u0259r Ali Ba\u015f Komandan\u0131 \u0130lham \u018fliyev v\u0259 I xan\u0131m Mehriban \u018fliyevan\u0131n i\u015f\u011faldan azad edilmi\u015f F&uuml;zuli v\u0259 C\u0259bray\u0131l rayonlar\u0131na s\u0259f\u0259ri zaman\u0131 Qaraba\u011f\u0131m\u0131z\u0131n tac\u0131 olan \u015eu\u015fa \u015f\u0259h\u0259rin\u0259&hellip;<\/p>\n","protected":false},"author":1,"featured_media":251278,"comment_status":"open","ping_status":"open","sticky":false,"template":"","format":"standard","meta":{"_lmt_disableupdate":"","_lmt_disable":"","footnotes":""},"categories":[91],"tags":[],"class_list":["post-110449","post","type-post","status-publish","format-standard","has-post-thumbnail","hentry","category-olkeici"],"_links":{"self":[{"href":"https:\/\/ucnoqta.az\/index.php?rest_route=\/wp\/v2\/posts\/110449","targetHints":{"allow":["GET"]}}],"collection":[{"href":"https:\/\/ucnoqta.az\/index.php?rest_route=\/wp\/v2\/posts"}],"about":[{"href":"https:\/\/ucnoqta.az\/index.php?rest_route=\/wp\/v2\/types\/post"}],"author":[{"embeddable":true,"href":"https:\/\/ucnoqta.az\/index.php?rest_route=\/wp\/v2\/users\/1"}],"replies":[{"embeddable":true,"href":"https:\/\/ucnoqta.az\/index.php?rest_route=%2Fwp%2Fv2%2Fcomments&post=110449"}],"version-history":[{"count":0,"href":"https:\/\/ucnoqta.az\/index.php?rest_route=\/wp\/v2\/posts\/110449\/revisions"}],"wp:featuredmedia":[{"embeddable":true,"href":"https:\/\/ucnoqta.az\/index.php?rest_route=\/wp\/v2\/media\/251278"}],"wp:attachment":[{"href":"https:\/\/ucnoqta.az\/index.php?rest_route=%2Fwp%2Fv2%2Fmedia&parent=110449"}],"wp:term":[{"taxonomy":"category","embeddable":true,"href":"https:\/\/ucnoqta.az\/index.php?rest_route=%2Fwp%2Fv2%2Fcategories&post=110449"},{"taxonomy":"post_tag","embeddable":true,"href":"https:\/\/ucnoqta.az\/index.php?rest_route=%2Fwp%2Fv2%2Ftags&post=110449"}],"curies":[{"name":"wp","href":"https:\/\/api.w.org\/{rel}","templated":true}]}}